{"id":6264,"date":"2020-10-18T15:30:38","date_gmt":"2020-10-18T13:30:38","guid":{"rendered":"https:\/\/cbndeutschland.org\/?p=6264"},"modified":"2024-12-20T18:52:35","modified_gmt":"2024-12-20T17:52:35","slug":"frieden","status":"publish","type":"post","link":"https:\/\/cbndeutschland.org\/de\/frieden\/","title":{"rendered":"Ich habe im Gef\u00e4ngnis inneren Frieden gefunden"},"content":{"rendered":"<p>Ludwig ist Schuld am Tod eines Menschen. Als er betrunken einen Unfall verursacht, stirbt eine Frau. Richard f\u00e4ngt schon fr\u00fch an mit Raub\u00fcberf\u00e4llen und Einbr\u00fcchen. Beide werden schlie\u00dflich verurteilt und landen im Gef\u00e4ngnis. Endstation? F\u00fcr die beiden nicht. F\u00fcr sie ist die Zeit im Gef\u00e4ngnis ein entscheidender Wendepunkt in ihrem Leben.\u00a0 (Moderation: Mirjam Nitsch \/ Andreas Waldmann)<\/p>\n","protected":false},"excerpt":{"rendered":"<p>Ludwig ist Schuld am Tod eines Menschen. Als er betrunken einen Unfall verursacht, stirbt eine Frau. Richard f\u00e4ngt schon fr\u00fch an mit Raub\u00fcberf\u00e4llen und Einbr\u00fcchen. Beide werden schlie\u00dflich verurteilt und landen im Gef\u00e4ngnis. Endstation? F\u00fcr die beiden nicht. F\u00fcr sie ist die Zeit im Gef\u00e4ngnis ein entscheidender Wendepunkt in ihrem Leben.\u00a0 (Moderation: Mirjam Nitsch \/ [&hellip;]<\/p>\n","protected":false},"author":2,"featured_media":7031,"comment_status":"open","ping_status":"open","sticky":false,"template":"","format":"standard","meta":{"footnotes":"","_links_to":"","_links_to_target":""},"categories":[3],"tags":[12],"class_list":["post-6264","post","type-post","status-publish","format-standard","has-post-thumbnail","hentry","category-erlebttv","tag-mord"],"yoast_head":"<!-- This site is optimized with the Yoast SEO plugin v27.1.1 - https:\/\/yoast.com\/product\/yoast-seo-wordpress\/ -->\n<title>Ich habe im Gef\u00e4ngnis inneren Frieden gefunden - CBN Deutschland<\/title>\n<meta name=\"description\" content=\"Ich habe im Gef\u00e4ngnis inneren Frieden gefunden - Unsere Vision und Mission bei CBN DEUTSCHLAND ist, dass Menschen Gott erleben. Daher steht unsere gesamte Arbeit unter dem Slogan \u201eMenschen erleben Gott\u201c.\" \/>\n<meta name=\"robots\" content=\"index, follow, max-snippet:-1, max-image-preview:large, max-video-preview:-1\" \/>\n<link rel=\"canonical\" href=\"https:\/\/cbndeutschland.org\/de\/frieden\/\" \/>\n<meta property=\"og:locale\" content=\"de_DE\" \/>\n<meta property=\"og:type\" content=\"article\" \/>\n<meta property=\"og:title\" content=\"Ich habe im Gef\u00e4ngnis inneren Frieden gefunden - CBN Deutschland\" \/>\n<meta property=\"og:description\" content=\"Ich habe im Gef\u00e4ngnis inneren Frieden gefunden - Unsere Vision und Mission bei CBN DEUTSCHLAND ist, dass Menschen Gott erleben. Daher steht unsere gesamte Arbeit unter dem Slogan \u201eMenschen erleben Gott\u201c.\" \/>\n<meta property=\"og:url\" content=\"https:\/\/cbndeutschland.org\/de\/frieden\/\" \/>\n<meta property=\"og:site_name\" content=\"CBN Deutschland\" \/>\n<meta property=\"article:published_time\" content=\"2020-10-18T13:30:38+00:00\" \/>\n<meta property=\"article:modified_time\" content=\"2024-12-20T17:52:35+00:00\" \/>\n<meta property=\"og:image\" content=\"https:\/\/cbndeutschland.org\/wp-content\/uploads\/2020\/03\/37_webseite.jpg\" \/>\n\t<meta property=\"og:image:width\" content=\"600\" \/>\n\t<meta property=\"og:image:height\" content=\"400\" \/>\n\t<meta property=\"og:image:type\" content=\"image\/jpeg\" \/>\n<meta name=\"author\" content=\"CBN Deutschland\" \/>\n<meta name=\"twitter:card\" content=\"summary_large_image\" \/>\n<meta name=\"twitter:label1\" content=\"Written by\" \/>\n\t<meta name=\"twitter:data1\" content=\"CBN Deutschland\" \/>\n\t<meta name=\"twitter:label2\" content=\"Est. reading time\" \/>\n\t<meta name=\"twitter:data2\" content=\"1 Minute\" \/>\n<script type=\"application\/ld+json\" class=\"yoast-schema-graph\">{\"@context\":\"https:\/\/schema.org\",\"@graph\":[{\"@type\":\"Article\",\"@id\":\"https:\/\/cbndeutschland.org\/de\/frieden\/#article\",\"isPartOf\":{\"@id\":\"https:\/\/cbndeutschland.org\/de\/frieden\/\"},\"author\":{\"name\":\"CBN Deutschland\",\"@id\":\"https:\/\/cbndeutschland.org\/de\/#\/schema\/person\/2214e4d6b7e3f44107ad0244efe54f63\"},\"headline\":\"Ich habe im Gef\u00e4ngnis inneren Frieden gefunden\",\"datePublished\":\"2020-10-18T13:30:38+00:00\",\"dateModified\":\"2024-12-20T17:52:35+00:00\",\"mainEntityOfPage\":{\"@id\":\"https:\/\/cbndeutschland.org\/de\/frieden\/\"},\"wordCount\":74,\"commentCount\":0,\"publisher\":{\"@id\":\"https:\/\/cbndeutschland.org\/de\/#organization\"},\"image\":{\"@id\":\"https:\/\/cbndeutschland.org\/de\/frieden\/#primaryimage\"},\"thumbnailUrl\":\"https:\/\/cbndeutschland.org\/wp-content\/uploads\/2020\/03\/37_webseite.jpg\",\"keywords\":[\"Mord\"],\"articleSection\":[\"Erlebt TV\"],\"inLanguage\":\"de-DE\",\"potentialAction\":[{\"@type\":\"CommentAction\",\"name\":\"Comment\",\"target\":[\"https:\/\/cbndeutschland.org\/de\/frieden\/#respond\"]}]},{\"@type\":\"WebPage\",\"@id\":\"https:\/\/cbndeutschland.org\/de\/frieden\/\",\"url\":\"https:\/\/cbndeutschland.org\/de\/frieden\/\",\"name\":\"Ich habe im Gef\u00e4ngnis inneren Frieden gefunden - CBN Deutschland\",\"isPartOf\":{\"@id\":\"https:\/\/cbndeutschland.org\/de\/#website\"},\"primaryImageOfPage\":{\"@id\":\"https:\/\/cbndeutschland.org\/de\/frieden\/#primaryimage\"},\"image\":{\"@id\":\"https:\/\/cbndeutschland.org\/de\/frieden\/#primaryimage\"},\"thumbnailUrl\":\"https:\/\/cbndeutschland.org\/wp-content\/uploads\/2020\/03\/37_webseite.jpg\",\"datePublished\":\"2020-10-18T13:30:38+00:00\",\"dateModified\":\"2024-12-20T17:52:35+00:00\",\"description\":\"Ich habe im Gef\u00e4ngnis inneren Frieden gefunden - Unsere Vision und Mission bei CBN DEUTSCHLAND ist, dass Menschen Gott erleben. Daher steht unsere gesamte Arbeit unter dem Slogan \u201eMenschen erleben Gott\u201c.\",\"breadcrumb\":{\"@id\":\"https:\/\/cbndeutschland.org\/de\/frieden\/#breadcrumb\"},\"inLanguage\":\"de-DE\",\"potentialAction\":[{\"@type\":\"ReadAction\",\"target\":[\"https:\/\/cbndeutschland.org\/de\/frieden\/\"]}]},{\"@type\":\"ImageObject\",\"inLanguage\":\"de-DE\",\"@id\":\"https:\/\/cbndeutschland.org\/de\/frieden\/#primaryimage\",\"url\":\"https:\/\/cbndeutschland.org\/wp-content\/uploads\/2020\/03\/37_webseite.jpg\",\"contentUrl\":\"https:\/\/cbndeutschland.org\/wp-content\/uploads\/2020\/03\/37_webseite.jpg\",\"width\":600,\"height\":400},{\"@type\":\"BreadcrumbList\",\"@id\":\"https:\/\/cbndeutschland.org\/de\/frieden\/#breadcrumb\",\"itemListElement\":[{\"@type\":\"ListItem\",\"position\":1,\"name\":\"Startseite\",\"item\":\"https:\/\/cbndeutschland.org\/de\/\"},{\"@type\":\"ListItem\",\"position\":2,\"name\":\"Ich habe im Gef\u00e4ngnis inneren Frieden gefunden\"}]},{\"@type\":\"WebSite\",\"@id\":\"https:\/\/cbndeutschland.org\/de\/#website\",\"url\":\"https:\/\/cbndeutschland.org\/de\/\",\"name\":\"CBN Deutschland\",\"description\":\"CBN Deutschland\",\"publisher\":{\"@id\":\"https:\/\/cbndeutschland.org\/de\/#organization\"},\"potentialAction\":[{\"@type\":\"SearchAction\",\"target\":{\"@type\":\"EntryPoint\",\"urlTemplate\":\"https:\/\/cbndeutschland.org\/de\/?s={search_term_string}\"},\"query-input\":{\"@type\":\"PropertyValueSpecification\",\"valueRequired\":true,\"valueName\":\"search_term_string\"}}],\"inLanguage\":\"de-DE\"},{\"@type\":\"Organization\",\"@id\":\"https:\/\/cbndeutschland.org\/de\/#organization\",\"name\":\"CBN Deutschland\",\"url\":\"https:\/\/cbndeutschland.org\/de\/\",\"logo\":{\"@type\":\"ImageObject\",\"inLanguage\":\"de-DE\",\"@id\":\"https:\/\/cbndeutschland.org\/de\/#\/schema\/logo\/image\/\",\"url\":\"https:\/\/cbndeutschland.org\/wp-content\/uploads\/2017\/02\/cbn-logo-web-blue.png\",\"contentUrl\":\"https:\/\/cbndeutschland.org\/wp-content\/uploads\/2017\/02\/cbn-logo-web-blue.png\",\"width\":385,\"height\":55,\"caption\":\"CBN Deutschland\"},\"image\":{\"@id\":\"https:\/\/cbndeutschland.org\/de\/#\/schema\/logo\/image\/\"}},{\"@type\":\"Person\",\"@id\":\"https:\/\/cbndeutschland.org\/de\/#\/schema\/person\/2214e4d6b7e3f44107ad0244efe54f63\",\"name\":\"CBN Deutschland\",\"url\":\"https:\/\/cbndeutschland.org\/de\/author\/anke\/\"}]}<\/script>\n<!-- \/ Yoast SEO plugin. -->","yoast_head_json":{"title":"Ich habe im Gef\u00e4ngnis inneren Frieden gefunden - CBN Deutschland","description":"Ich habe im Gef\u00e4ngnis inneren Frieden gefunden - Unsere Vision und Mission bei CBN DEUTSCHLAND ist, dass Menschen Gott erleben. Daher steht unsere gesamte Arbeit unter dem Slogan \u201eMenschen erleben Gott\u201c.","robots":{"index":"index","follow":"follow","max-snippet":"max-snippet:-1","max-image-preview":"max-image-preview:large","max-video-preview":"max-video-preview:-1"},"canonical":"https:\/\/cbndeutschland.org\/de\/frieden\/","og_locale":"de_DE","og_type":"article","og_title":"Ich habe im Gef\u00e4ngnis inneren Frieden gefunden - CBN Deutschland","og_description":"Ich habe im Gef\u00e4ngnis inneren Frieden gefunden - Unsere Vision und Mission bei CBN DEUTSCHLAND ist, dass Menschen Gott erleben. Daher steht unsere gesamte Arbeit unter dem Slogan \u201eMenschen erleben Gott\u201c.","og_url":"https:\/\/cbndeutschland.org\/de\/frieden\/","og_site_name":"CBN Deutschland","article_published_time":"2020-10-18T13:30:38+00:00","article_modified_time":"2024-12-20T17:52:35+00:00","og_image":[{"width":600,"height":400,"url":"https:\/\/cbndeutschland.org\/wp-content\/uploads\/2020\/03\/37_webseite.jpg","type":"image\/jpeg"}],"author":"CBN Deutschland","twitter_card":"summary_large_image","twitter_misc":{"Written by":"CBN Deutschland","Est. reading time":"1 Minute"},"schema":{"@context":"https:\/\/schema.org","@graph":[{"@type":"Article","@id":"https:\/\/cbndeutschland.org\/de\/frieden\/#article","isPartOf":{"@id":"https:\/\/cbndeutschland.org\/de\/frieden\/"},"author":{"name":"CBN Deutschland","@id":"https:\/\/cbndeutschland.org\/de\/#\/schema\/person\/2214e4d6b7e3f44107ad0244efe54f63"},"headline":"Ich habe im Gef\u00e4ngnis inneren Frieden gefunden","datePublished":"2020-10-18T13:30:38+00:00","dateModified":"2024-12-20T17:52:35+00:00","mainEntityOfPage":{"@id":"https:\/\/cbndeutschland.org\/de\/frieden\/"},"wordCount":74,"commentCount":0,"publisher":{"@id":"https:\/\/cbndeutschland.org\/de\/#organization"},"image":{"@id":"https:\/\/cbndeutschland.org\/de\/frieden\/#primaryimage"},"thumbnailUrl":"https:\/\/cbndeutschland.org\/wp-content\/uploads\/2020\/03\/37_webseite.jpg","keywords":["Mord"],"articleSection":["Erlebt TV"],"inLanguage":"de-DE","potentialAction":[{"@type":"CommentAction","name":"Comment","target":["https:\/\/cbndeutschland.org\/de\/frieden\/#respond"]}]},{"@type":"WebPage","@id":"https:\/\/cbndeutschland.org\/de\/frieden\/","url":"https:\/\/cbndeutschland.org\/de\/frieden\/","name":"Ich habe im Gef\u00e4ngnis inneren Frieden gefunden - CBN Deutschland","isPartOf":{"@id":"https:\/\/cbndeutschland.org\/de\/#website"},"primaryImageOfPage":{"@id":"https:\/\/cbndeutschland.org\/de\/frieden\/#primaryimage"},"image":{"@id":"https:\/\/cbndeutschland.org\/de\/frieden\/#primaryimage"},"thumbnailUrl":"https:\/\/cbndeutschland.org\/wp-content\/uploads\/2020\/03\/37_webseite.jpg","datePublished":"2020-10-18T13:30:38+00:00","dateModified":"2024-12-20T17:52:35+00:00","description":"Ich habe im Gef\u00e4ngnis inneren Frieden gefunden - Unsere Vision und Mission bei CBN DEUTSCHLAND ist, dass Menschen Gott erleben. Daher steht unsere gesamte Arbeit unter dem Slogan \u201eMenschen erleben Gott\u201c.","breadcrumb":{"@id":"https:\/\/cbndeutschland.org\/de\/frieden\/#breadcrumb"},"inLanguage":"de-DE","potentialAction":[{"@type":"ReadAction","target":["https:\/\/cbndeutschland.org\/de\/frieden\/"]}]},{"@type":"ImageObject","inLanguage":"de-DE","@id":"https:\/\/cbndeutschland.org\/de\/frieden\/#primaryimage","url":"https:\/\/cbndeutschland.org\/wp-content\/uploads\/2020\/03\/37_webseite.jpg","contentUrl":"https:\/\/cbndeutschland.org\/wp-content\/uploads\/2020\/03\/37_webseite.jpg","width":600,"height":400},{"@type":"BreadcrumbList","@id":"https:\/\/cbndeutschland.org\/de\/frieden\/#breadcrumb","itemListElement":[{"@type":"ListItem","position":1,"name":"Startseite","item":"https:\/\/cbndeutschland.org\/de\/"},{"@type":"ListItem","position":2,"name":"Ich habe im Gef\u00e4ngnis inneren Frieden gefunden"}]},{"@type":"WebSite","@id":"https:\/\/cbndeutschland.org\/de\/#website","url":"https:\/\/cbndeutschland.org\/de\/","name":"CBN Deutschland","description":"CBN Deutschland","publisher":{"@id":"https:\/\/cbndeutschland.org\/de\/#organization"},"potentialAction":[{"@type":"SearchAction","target":{"@type":"EntryPoint","urlTemplate":"https:\/\/cbndeutschland.org\/de\/?s={search_term_string}"},"query-input":{"@type":"PropertyValueSpecification","valueRequired":true,"valueName":"search_term_string"}}],"inLanguage":"de-DE"},{"@type":"Organization","@id":"https:\/\/cbndeutschland.org\/de\/#organization","name":"CBN Deutschland","url":"https:\/\/cbndeutschland.org\/de\/","logo":{"@type":"ImageObject","inLanguage":"de-DE","@id":"https:\/\/cbndeutschland.org\/de\/#\/schema\/logo\/image\/","url":"https:\/\/cbndeutschland.org\/wp-content\/uploads\/2017\/02\/cbn-logo-web-blue.png","contentUrl":"https:\/\/cbndeutschland.org\/wp-content\/uploads\/2017\/02\/cbn-logo-web-blue.png","width":385,"height":55,"caption":"CBN Deutschland"},"image":{"@id":"https:\/\/cbndeutschland.org\/de\/#\/schema\/logo\/image\/"}},{"@type":"Person","@id":"https:\/\/cbndeutschland.org\/de\/#\/schema\/person\/2214e4d6b7e3f44107ad0244efe54f63","name":"CBN Deutschland","url":"https:\/\/cbndeutschland.org\/de\/author\/anke\/"}]}},"_links":{"self":[{"href":"https:\/\/cbndeutschland.org\/de\/wp-json\/wp\/v2\/posts\/6264","targetHints":{"allow":["GET"]}}],"collection":[{"href":"https:\/\/cbndeutschland.org\/de\/wp-json\/wp\/v2\/posts"}],"about":[{"href":"https:\/\/cbndeutschland.org\/de\/wp-json\/wp\/v2\/types\/post"}],"author":[{"embeddable":true,"href":"https:\/\/cbndeutschland.org\/de\/wp-json\/wp\/v2\/users\/2"}],"replies":[{"embeddable":true,"href":"https:\/\/cbndeutschland.org\/de\/wp-json\/wp\/v2\/comments?post=6264"}],"version-history":[{"count":2,"href":"https:\/\/cbndeutschland.org\/de\/wp-json\/wp\/v2\/posts\/6264\/revisions"}],"predecessor-version":[{"id":7033,"href":"https:\/\/cbndeutschland.org\/de\/wp-json\/wp\/v2\/posts\/6264\/revisions\/7033"}],"wp:featuredmedia":[{"embeddable":true,"href":"https:\/\/cbndeutschland.org\/de\/wp-json\/wp\/v2\/media\/7031"}],"wp:attachment":[{"href":"https:\/\/cbndeutschland.org\/de\/wp-json\/wp\/v2\/media?parent=6264"}],"wp:term":[{"taxonomy":"category","embeddable":true,"href":"https:\/\/cbndeutschland.org\/de\/wp-json\/wp\/v2\/categories?post=6264"},{"taxonomy":"post_tag","embeddable":true,"href":"https:\/\/cbndeutschland.org\/de\/wp-json\/wp\/v2\/tags?post=6264"}],"curies":[{"name":"wp","href":"https:\/\/api.w.org\/{rel}","templated":true}]}}