{"id":5820,"date":"2020-03-22T15:30:02","date_gmt":"2020-03-22T14:30:02","guid":{"rendered":"https:\/\/cbndeutschland.org\/?p=5820"},"modified":"2020-03-04T14:50:31","modified_gmt":"2020-03-04T13:50:31","slug":"demenz","status":"publish","type":"post","link":"https:\/\/cbndeutschland.org\/de\/demenz\/","title":{"rendered":"Demenzkrank &#8211; und alles wird anders"},"content":{"rendered":"<p>Demenz ist eine der h\u00e4ufigsten Erkrankungen im Alter. Insgesamt geh\u00f6ren rund 50 verschiedene Krankheitsbilder zu der Gruppe der Demenzerkrankungen. Gemeinsam ist allen, dass die Betroffenen an einer Verschlechterung ihrer geistigen F\u00e4higkeiten leiden und sich so ihre Pers\u00f6nlichkeit aufzul\u00f6sen scheint. F\u00fcr alle Beteiligten ist das eine sehr belastende Situation. Betroffene und Experten berichten aus ihren Erfahrungen und geben Tipps f\u00fcr den Umgang mit Demenzerkrankten. (Moderation: Sabine Bhandari \/ Andreas Waldmann)<\/p>\n","protected":false},"excerpt":{"rendered":"<p>Demenz ist eine der h\u00e4ufigsten Erkrankungen im Alter. Insgesamt geh\u00f6ren rund 50 verschiedene Krankheitsbilder zu der Gruppe der Demenzerkrankungen. Gemeinsam ist allen, dass die Betroffenen an einer Verschlechterung ihrer geistigen F\u00e4higkeiten leiden und sich so ihre Pers\u00f6nlichkeit aufzul\u00f6sen scheint. F\u00fcr alle Beteiligten ist das eine sehr belastende Situation. Betroffene und Experten berichten aus ihren Erfahrungen [&hellip;]<\/p>\n","protected":false},"author":2,"featured_media":6230,"comment_status":"open","ping_status":"open","sticky":false,"template":"","format":"standard","meta":{"footnotes":"","_links_to":"","_links_to_target":""},"categories":[3],"tags":[148,259],"class_list":["post-5820","post","type-post","status-publish","format-standard","has-post-thumbnail","hentry","category-erlebttv","tag-heilung","tag-krankheit"],"yoast_head":"<!-- This site is optimized with the Yoast SEO plugin v27.1.1 - https:\/\/yoast.com\/product\/yoast-seo-wordpress\/ -->\n<title>Demenzkrank - und alles wird anders - CBN Deutschland<\/title>\n<meta name=\"description\" content=\"Demenzkrank - und alles wird anders - Unsere Vision und Mission bei CBN DEUTSCHLAND ist, dass Menschen Gott erleben. Daher steht unsere gesamte Arbeit unter dem Slogan \u201eMenschen erleben Gott\u201c.\" \/>\n<meta name=\"robots\" content=\"index, follow, max-snippet:-1, max-image-preview:large, max-video-preview:-1\" \/>\n<link rel=\"canonical\" href=\"https:\/\/cbndeutschland.org\/de\/demenz\/\" \/>\n<meta property=\"og:locale\" content=\"de_DE\" \/>\n<meta property=\"og:type\" content=\"article\" \/>\n<meta property=\"og:title\" content=\"Demenzkrank - und alles wird anders - CBN Deutschland\" \/>\n<meta property=\"og:description\" content=\"Demenzkrank - und alles wird anders - Unsere Vision und Mission bei CBN DEUTSCHLAND ist, dass Menschen Gott erleben. Daher steht unsere gesamte Arbeit unter dem Slogan \u201eMenschen erleben Gott\u201c.\" \/>\n<meta property=\"og:url\" content=\"https:\/\/cbndeutschland.org\/de\/demenz\/\" \/>\n<meta property=\"og:site_name\" content=\"CBN Deutschland\" \/>\n<meta property=\"article:published_time\" content=\"2020-03-22T14:30:02+00:00\" \/>\n<meta property=\"og:image\" content=\"https:\/\/cbndeutschland.org\/wp-content\/uploads\/2020\/03\/16_webseite.jpg\" \/>\n\t<meta property=\"og:image:width\" content=\"600\" \/>\n\t<meta property=\"og:image:height\" content=\"400\" \/>\n\t<meta property=\"og:image:type\" content=\"image\/jpeg\" \/>\n<meta name=\"author\" content=\"CBN Deutschland\" \/>\n<meta name=\"twitter:card\" content=\"summary_large_image\" \/>\n<meta name=\"twitter:label1\" content=\"Written by\" \/>\n\t<meta name=\"twitter:data1\" content=\"CBN Deutschland\" \/>\n<script type=\"application\/ld+json\" class=\"yoast-schema-graph\">{\"@context\":\"https:\/\/schema.org\",\"@graph\":[{\"@type\":\"Article\",\"@id\":\"https:\/\/cbndeutschland.org\/de\/demenz\/#article\",\"isPartOf\":{\"@id\":\"https:\/\/cbndeutschland.org\/de\/demenz\/\"},\"author\":{\"name\":\"CBN Deutschland\",\"@id\":\"https:\/\/cbndeutschland.org\/de\/#\/schema\/person\/2214e4d6b7e3f44107ad0244efe54f63\"},\"headline\":\"Demenzkrank &#8211; und alles wird anders\",\"datePublished\":\"2020-03-22T14:30:02+00:00\",\"mainEntityOfPage\":{\"@id\":\"https:\/\/cbndeutschland.org\/de\/demenz\/\"},\"wordCount\":80,\"commentCount\":0,\"publisher\":{\"@id\":\"https:\/\/cbndeutschland.org\/de\/#organization\"},\"image\":{\"@id\":\"https:\/\/cbndeutschland.org\/de\/demenz\/#primaryimage\"},\"thumbnailUrl\":\"https:\/\/cbndeutschland.org\/wp-content\/uploads\/2020\/03\/16_webseite.jpg\",\"keywords\":[\"Heilung\",\"Krankheit\"],\"articleSection\":[\"Erlebt TV\"],\"inLanguage\":\"de-DE\",\"potentialAction\":[{\"@type\":\"CommentAction\",\"name\":\"Comment\",\"target\":[\"https:\/\/cbndeutschland.org\/de\/demenz\/#respond\"]}]},{\"@type\":\"WebPage\",\"@id\":\"https:\/\/cbndeutschland.org\/de\/demenz\/\",\"url\":\"https:\/\/cbndeutschland.org\/de\/demenz\/\",\"name\":\"Demenzkrank - und alles wird anders - CBN Deutschland\",\"isPartOf\":{\"@id\":\"https:\/\/cbndeutschland.org\/de\/#website\"},\"primaryImageOfPage\":{\"@id\":\"https:\/\/cbndeutschland.org\/de\/demenz\/#primaryimage\"},\"image\":{\"@id\":\"https:\/\/cbndeutschland.org\/de\/demenz\/#primaryimage\"},\"thumbnailUrl\":\"https:\/\/cbndeutschland.org\/wp-content\/uploads\/2020\/03\/16_webseite.jpg\",\"datePublished\":\"2020-03-22T14:30:02+00:00\",\"description\":\"Demenzkrank - und alles wird anders - Unsere Vision und Mission bei CBN DEUTSCHLAND ist, dass Menschen Gott erleben. Daher steht unsere gesamte Arbeit unter dem Slogan \u201eMenschen erleben Gott\u201c.\",\"breadcrumb\":{\"@id\":\"https:\/\/cbndeutschland.org\/de\/demenz\/#breadcrumb\"},\"inLanguage\":\"de-DE\",\"potentialAction\":[{\"@type\":\"ReadAction\",\"target\":[\"https:\/\/cbndeutschland.org\/de\/demenz\/\"]}]},{\"@type\":\"ImageObject\",\"inLanguage\":\"de-DE\",\"@id\":\"https:\/\/cbndeutschland.org\/de\/demenz\/#primaryimage\",\"url\":\"https:\/\/cbndeutschland.org\/wp-content\/uploads\/2020\/03\/16_webseite.jpg\",\"contentUrl\":\"https:\/\/cbndeutschland.org\/wp-content\/uploads\/2020\/03\/16_webseite.jpg\",\"width\":600,\"height\":400},{\"@type\":\"BreadcrumbList\",\"@id\":\"https:\/\/cbndeutschland.org\/de\/demenz\/#breadcrumb\",\"itemListElement\":[{\"@type\":\"ListItem\",\"position\":1,\"name\":\"Startseite\",\"item\":\"https:\/\/cbndeutschland.org\/de\/\"},{\"@type\":\"ListItem\",\"position\":2,\"name\":\"Demenzkrank &#8211; und alles wird anders\"}]},{\"@type\":\"WebSite\",\"@id\":\"https:\/\/cbndeutschland.org\/de\/#website\",\"url\":\"https:\/\/cbndeutschland.org\/de\/\",\"name\":\"CBN Deutschland\",\"description\":\"CBN Deutschland\",\"publisher\":{\"@id\":\"https:\/\/cbndeutschland.org\/de\/#organization\"},\"potentialAction\":[{\"@type\":\"SearchAction\",\"target\":{\"@type\":\"EntryPoint\",\"urlTemplate\":\"https:\/\/cbndeutschland.org\/de\/?s={search_term_string}\"},\"query-input\":{\"@type\":\"PropertyValueSpecification\",\"valueRequired\":true,\"valueName\":\"search_term_string\"}}],\"inLanguage\":\"de-DE\"},{\"@type\":\"Organization\",\"@id\":\"https:\/\/cbndeutschland.org\/de\/#organization\",\"name\":\"CBN Deutschland\",\"url\":\"https:\/\/cbndeutschland.org\/de\/\",\"logo\":{\"@type\":\"ImageObject\",\"inLanguage\":\"de-DE\",\"@id\":\"https:\/\/cbndeutschland.org\/de\/#\/schema\/logo\/image\/\",\"url\":\"https:\/\/cbndeutschland.org\/wp-content\/uploads\/2017\/02\/cbn-logo-web-blue.png\",\"contentUrl\":\"https:\/\/cbndeutschland.org\/wp-content\/uploads\/2017\/02\/cbn-logo-web-blue.png\",\"width\":385,\"height\":55,\"caption\":\"CBN Deutschland\"},\"image\":{\"@id\":\"https:\/\/cbndeutschland.org\/de\/#\/schema\/logo\/image\/\"}},{\"@type\":\"Person\",\"@id\":\"https:\/\/cbndeutschland.org\/de\/#\/schema\/person\/2214e4d6b7e3f44107ad0244efe54f63\",\"name\":\"CBN Deutschland\",\"url\":\"https:\/\/cbndeutschland.org\/de\/author\/anke\/\"}]}<\/script>\n<!-- \/ Yoast SEO plugin. -->","yoast_head_json":{"title":"Demenzkrank - und alles wird anders - CBN Deutschland","description":"Demenzkrank - und alles wird anders - Unsere Vision und Mission bei CBN DEUTSCHLAND ist, dass Menschen Gott erleben. Daher steht unsere gesamte Arbeit unter dem Slogan \u201eMenschen erleben Gott\u201c.","robots":{"index":"index","follow":"follow","max-snippet":"max-snippet:-1","max-image-preview":"max-image-preview:large","max-video-preview":"max-video-preview:-1"},"canonical":"https:\/\/cbndeutschland.org\/de\/demenz\/","og_locale":"de_DE","og_type":"article","og_title":"Demenzkrank - und alles wird anders - CBN Deutschland","og_description":"Demenzkrank - und alles wird anders - Unsere Vision und Mission bei CBN DEUTSCHLAND ist, dass Menschen Gott erleben. Daher steht unsere gesamte Arbeit unter dem Slogan \u201eMenschen erleben Gott\u201c.","og_url":"https:\/\/cbndeutschland.org\/de\/demenz\/","og_site_name":"CBN Deutschland","article_published_time":"2020-03-22T14:30:02+00:00","og_image":[{"width":600,"height":400,"url":"https:\/\/cbndeutschland.org\/wp-content\/uploads\/2020\/03\/16_webseite.jpg","type":"image\/jpeg"}],"author":"CBN Deutschland","twitter_card":"summary_large_image","twitter_misc":{"Written by":"CBN Deutschland"},"schema":{"@context":"https:\/\/schema.org","@graph":[{"@type":"Article","@id":"https:\/\/cbndeutschland.org\/de\/demenz\/#article","isPartOf":{"@id":"https:\/\/cbndeutschland.org\/de\/demenz\/"},"author":{"name":"CBN Deutschland","@id":"https:\/\/cbndeutschland.org\/de\/#\/schema\/person\/2214e4d6b7e3f44107ad0244efe54f63"},"headline":"Demenzkrank &#8211; und alles wird anders","datePublished":"2020-03-22T14:30:02+00:00","mainEntityOfPage":{"@id":"https:\/\/cbndeutschland.org\/de\/demenz\/"},"wordCount":80,"commentCount":0,"publisher":{"@id":"https:\/\/cbndeutschland.org\/de\/#organization"},"image":{"@id":"https:\/\/cbndeutschland.org\/de\/demenz\/#primaryimage"},"thumbnailUrl":"https:\/\/cbndeutschland.org\/wp-content\/uploads\/2020\/03\/16_webseite.jpg","keywords":["Heilung","Krankheit"],"articleSection":["Erlebt TV"],"inLanguage":"de-DE","potentialAction":[{"@type":"CommentAction","name":"Comment","target":["https:\/\/cbndeutschland.org\/de\/demenz\/#respond"]}]},{"@type":"WebPage","@id":"https:\/\/cbndeutschland.org\/de\/demenz\/","url":"https:\/\/cbndeutschland.org\/de\/demenz\/","name":"Demenzkrank - und alles wird anders - CBN Deutschland","isPartOf":{"@id":"https:\/\/cbndeutschland.org\/de\/#website"},"primaryImageOfPage":{"@id":"https:\/\/cbndeutschland.org\/de\/demenz\/#primaryimage"},"image":{"@id":"https:\/\/cbndeutschland.org\/de\/demenz\/#primaryimage"},"thumbnailUrl":"https:\/\/cbndeutschland.org\/wp-content\/uploads\/2020\/03\/16_webseite.jpg","datePublished":"2020-03-22T14:30:02+00:00","description":"Demenzkrank - und alles wird anders - Unsere Vision und Mission bei CBN DEUTSCHLAND ist, dass Menschen Gott erleben. Daher steht unsere gesamte Arbeit unter dem Slogan \u201eMenschen erleben Gott\u201c.","breadcrumb":{"@id":"https:\/\/cbndeutschland.org\/de\/demenz\/#breadcrumb"},"inLanguage":"de-DE","potentialAction":[{"@type":"ReadAction","target":["https:\/\/cbndeutschland.org\/de\/demenz\/"]}]},{"@type":"ImageObject","inLanguage":"de-DE","@id":"https:\/\/cbndeutschland.org\/de\/demenz\/#primaryimage","url":"https:\/\/cbndeutschland.org\/wp-content\/uploads\/2020\/03\/16_webseite.jpg","contentUrl":"https:\/\/cbndeutschland.org\/wp-content\/uploads\/2020\/03\/16_webseite.jpg","width":600,"height":400},{"@type":"BreadcrumbList","@id":"https:\/\/cbndeutschland.org\/de\/demenz\/#breadcrumb","itemListElement":[{"@type":"ListItem","position":1,"name":"Startseite","item":"https:\/\/cbndeutschland.org\/de\/"},{"@type":"ListItem","position":2,"name":"Demenzkrank &#8211; und alles wird anders"}]},{"@type":"WebSite","@id":"https:\/\/cbndeutschland.org\/de\/#website","url":"https:\/\/cbndeutschland.org\/de\/","name":"CBN Deutschland","description":"CBN Deutschland","publisher":{"@id":"https:\/\/cbndeutschland.org\/de\/#organization"},"potentialAction":[{"@type":"SearchAction","target":{"@type":"EntryPoint","urlTemplate":"https:\/\/cbndeutschland.org\/de\/?s={search_term_string}"},"query-input":{"@type":"PropertyValueSpecification","valueRequired":true,"valueName":"search_term_string"}}],"inLanguage":"de-DE"},{"@type":"Organization","@id":"https:\/\/cbndeutschland.org\/de\/#organization","name":"CBN Deutschland","url":"https:\/\/cbndeutschland.org\/de\/","logo":{"@type":"ImageObject","inLanguage":"de-DE","@id":"https:\/\/cbndeutschland.org\/de\/#\/schema\/logo\/image\/","url":"https:\/\/cbndeutschland.org\/wp-content\/uploads\/2017\/02\/cbn-logo-web-blue.png","contentUrl":"https:\/\/cbndeutschland.org\/wp-content\/uploads\/2017\/02\/cbn-logo-web-blue.png","width":385,"height":55,"caption":"CBN Deutschland"},"image":{"@id":"https:\/\/cbndeutschland.org\/de\/#\/schema\/logo\/image\/"}},{"@type":"Person","@id":"https:\/\/cbndeutschland.org\/de\/#\/schema\/person\/2214e4d6b7e3f44107ad0244efe54f63","name":"CBN Deutschland","url":"https:\/\/cbndeutschland.org\/de\/author\/anke\/"}]}},"_links":{"self":[{"href":"https:\/\/cbndeutschland.org\/de\/wp-json\/wp\/v2\/posts\/5820","targetHints":{"allow":["GET"]}}],"collection":[{"href":"https:\/\/cbndeutschland.org\/de\/wp-json\/wp\/v2\/posts"}],"about":[{"href":"https:\/\/cbndeutschland.org\/de\/wp-json\/wp\/v2\/types\/post"}],"author":[{"embeddable":true,"href":"https:\/\/cbndeutschland.org\/de\/wp-json\/wp\/v2\/users\/2"}],"replies":[{"embeddable":true,"href":"https:\/\/cbndeutschland.org\/de\/wp-json\/wp\/v2\/comments?post=5820"}],"version-history":[{"count":2,"href":"https:\/\/cbndeutschland.org\/de\/wp-json\/wp\/v2\/posts\/5820\/revisions"}],"predecessor-version":[{"id":6232,"href":"https:\/\/cbndeutschland.org\/de\/wp-json\/wp\/v2\/posts\/5820\/revisions\/6232"}],"wp:featuredmedia":[{"embeddable":true,"href":"https:\/\/cbndeutschland.org\/de\/wp-json\/wp\/v2\/media\/6230"}],"wp:attachment":[{"href":"https:\/\/cbndeutschland.org\/de\/wp-json\/wp\/v2\/media?parent=5820"}],"wp:term":[{"taxonomy":"category","embeddable":true,"href":"https:\/\/cbndeutschland.org\/de\/wp-json\/wp\/v2\/categories?post=5820"},{"taxonomy":"post_tag","embeddable":true,"href":"https:\/\/cbndeutschland.org\/de\/wp-json\/wp\/v2\/tags?post=5820"}],"curies":[{"name":"wp","href":"https:\/\/api.w.org\/{rel}","templated":true}]}}