{"id":21760,"date":"2026-09-03T14:00:38","date_gmt":"2026-09-03T12:00:38","guid":{"rendered":"https:\/\/cbndeutschland.org\/?p=21760"},"modified":"2026-09-03T14:19:49","modified_gmt":"2026-09-03T12:19:49","slug":"geboren-um-zu-vererben","status":"publish","type":"post","link":"https:\/\/cbndeutschland.org\/de\/geboren-um-zu-vererben\/","title":{"rendered":"Geboren, um zu vererben"},"content":{"rendered":"<h1 style=\"text-align: center;\">Geboren, um zu (ver)erben!<\/h1>\n<p>&nbsp;<\/p>\n<h2 style=\"text-align: center;\">oder \u201eDas Salz muss aus dem Streuer!\u201c<\/h2>\n<p>&nbsp;<\/p>\n<p><em>von Friedhelm Holthuis, Pr\u00e4ses des BFP (Bund Freikirchlicher Pfingstgemeinden in Deutschland) und Senior-Pastor der Credo-Kirche\u00a0<\/em><br \/>\n<em>Co-Autorin: Mari Schmidt\u00a0<\/em><\/p>\n<p>Als ich gebeten wurde, etwas zum Thema \u201eErben Gottes\u201c zu schreiben, stellte ich mir die Frage, ob ich dar\u00fcber schreiben soll, was ich als Christ geistlich geerbt habe oder was ich eines Tages vererben will?\u00a0Als ich dar\u00fcber nachdachte, merkte ich:\u00a0Irgendwie geh\u00f6rt es doch untrennbar zusammen.\u00a0<strong>Wir empfangen Gottes Erbe nicht nur f\u00fcr uns selbst, sondern damit wir es weitergeben.<\/strong><\/p>\n<p>Schon Jesus sagte im Johannesevangelium:<br \/>\n<strong>\u201eIch sage euch die Wahrheit: Wer an mich glaubt, wird die gleichen Taten vollbringen wie ich \u2013 ja sogar noch gr\u00f6\u00dfere; denn ich gehe zum Vater. Worum ihr dann in meinem Namen bitten werdet, das werde ich tun, damit durch den Sohn die Herrlichkeit des Vaters sichtbar wird.\u201c (Johannes 14,12-13; HFA)<\/strong><\/p>\n<p>Manchmal kommen sich Christen vor wie eine Minderheit und \u00fcbersehen, dass diese Minderheit zur erfolgreichsten Gruppe von Menschen geh\u00f6rt, die es jemals gegeben hat: der Kirche von Jesus Christus, die seit mehr als 2.000 Jahren siegreich unterwegs ist. Nach so vielen Jahren ist sie immer noch lebendig. Das Geheimnis sind gar nicht wir \u2013 sondern das Geheimnis ist Jesus.\u00a0<strong>Er und seine Position zeigen uns, was wir als Erben empfangen haben und worin unser Auftrag besteht.<\/strong>\u00a0Das Wissen muss \u201evererbt\u201c werden, so wie die Knochen Josefs von Generation zu Generation weitergeben wurden, bis sie ihr Ziel erreicht hatten (vgl. Josua 24,32).<\/p>\n<p>&nbsp;<\/p>\n<h3 style=\"text-align: center;\">Unser Erbe durch Jesus<\/h3>\n<p>&nbsp;<\/p>\n<p>Wenn Jesus verspricht, dass wir gr\u00f6\u00dfere Dinge tun werden, m\u00fcssen wir uns fragen, was Jesus getan hat und was das f\u00fcr uns bedeutet. Jesus kam auf die Welt, weil der Sch\u00f6pfer endlich in Beziehung mit uns leben wollte. <strong>Er liebt Menschen \u2013 und das ist der Kern unseres Erbes: Menschen zu lieben und mehr sogar noch: \u201ealle Menschen\u201c zu lieben.<\/strong> Hier liegt unsere Herausforderung: Unser Umfeld! Oft werde ich in Konflikten und Streitigkeiten gefragt, wie denn die L\u00f6sung sein kann \u2013 die L\u00f6sung ist, Menschen zu lieben, denn egal wer die Kirche verl\u00e4sst \u2013 es wird immer jemanden geben, der uns nicht in den Kram passt. Jesus hat in einem Moment zu Petrus gesagt \u201eWeg mit dir, Satan!\u201c (Matth\u00e4us 16,23; HFA) \u2013 aber das bedeutete nicht, dass Jesus ihn nicht mehr liebte, sondern Jesus wusste, welchen Weg er gehen w\u00fcrde \u201eaus Liebe zu allen Menschen\u201c. Wenn wir diesen Punkt f\u00fcr uns selbst gekl\u00e4rt haben, dass wir berufen sind,\u00a0alle\u00a0Menschen zu lieben und nicht nur die, die wir m\u00f6gen, k\u00f6nnen wir uns damit besch\u00e4ftigen, wie unser Erbe aussieht.<\/p>\n<p>&nbsp;<\/p>\n<h3 style=\"text-align: center;\">Was erben wir? Und leben wir in unserem Erbe?<\/h3>\n<p>&nbsp;<\/p>\n<p>Die Geschichte vom nachsichtigen Vater\u00a0in Lukas 15,11-32\u00a0zeigt uns, was wir tats\u00e4chlich geerbt haben. In der Geschichte teilt der Vater das Erbe zu seiner Lebzeit auf. Ein Sohn zieht fort, einer bleibt.\u00a0Die w\u00fctende Reaktion des Erstgeborenen auf die R\u00fcckkehr des J\u00fcngeren zeigt, dass er seine Position und sein Erbe nicht verstanden hat.<\/p>\n<p>Er hat vollkommen vergessen, was Vers 12 beschreibt: \u201eDa teilte der Vater seinen Besitz\u00a0<strong>unter die beiden auf.<\/strong>\u201c (Lukas 15,12; HFA) Der \u00c4ltere hatte als Erstgeborener sogar zwei Drittel vom Besitz bekommen \u2026 und es nicht \u201egelebt\u201c.\u00a0<strong>Er hatte die ganze Zeit schon Zugang zu allen Ressourcen des Vaters gehabt \u2013 und war sich dessen scheinbar weder bewusst gewesen, noch hatte er\u00a0sie\u00a0genutzt.<\/strong><\/p>\n<p>Wie ist das mit uns \u2013 Kennen wir unser Erbe? Leben wir es? Was erwarten wir von dem Erbe, das in den Worten Jesu \u201enoch gr\u00f6\u00dfere Taten\u201c steckt?<\/p>\n<p>&nbsp;<\/p>\n<h3 style=\"text-align: center;\">Geistliches Erbe weitergeben<\/h3>\n<p>&nbsp;<\/p>\n<p>Dass ich mit Jesus unterwegs bin und ihm diene, ist g\u00f6ttliche Erw\u00e4hlung und \u201eErbe\u201c von verschiedenen Menschen. Meine Mutter betete mich zu Christus, Nigel Sheldrick traute mir was zu, Friedrich Nu\u00dfb\u00e4cher verheiratete uns und unterst\u00fctzte finanziell. Uwe Sch\u00e4fer glaubte an uns \u2013 ohne ihn w\u00e4ren wir nicht, wo wir sind! Werner Gunia, mein Regionalleiter, gab mir Raum f\u00fcr Predigten. Manfred Lanz gab mir seelsorgerlich begleitet freundschaftliches R\u00fcckgrat, Christian Knorr, Bob und Anke St\u00fcbner und Petra Alvarez-Munoz streckten mich enorm in meiner Leiterschaft. Andrew Evans hat mich begleitet, ohne dass ich ihn getroffen habe. Johannes Justus hat mich im BFP-Vorstand hervorragend vorbereitet und unterst\u00fctzt, und last but not least, ohne meine Frau w\u00e4re ich nicht, wo ich bin. Alle diese\u00a0Wegbegleiter legten etwas in mich hinein und pr\u00e4gten mich zu ihren Lebzeiten.\u00a0<strong>So wie sie ein Erbe in mich legten, soll auch mein Leben Zeugnis sein.\u00a0Ich will Menschen etwas zutrauen, sie st\u00e4rken und ermutigen. <\/strong>Wenn ich in Gottes Reich investiere, habe ich Anteil an etwas, das \u00fcber meine Lebenszeit hinauswirkt.<\/p>\n<p>&nbsp;<\/p>\n<h3 style=\"text-align: center;\">Was wollen wir vererben?<\/h3>\n<p>&nbsp;<\/p>\n<p>Wenn wir an unsere Kinder und die n\u00e4chste Generation denken, sollten wir uns die Frage stellen: Was will ich weitergeben? Ist Besitz, Ruhm und Macht wichtig, oder\u00a0wollen wir von den Momenten erz\u00e4hlen, in denen Gott eingegriffen, uns versorgt oder besch\u00fctzt hat?\u00a0<strong>Unsere eigenen Geschichten sind es wert, dass wir sie erz\u00e4hlen.\u00a0<\/strong>Kindergottesdienste bilden junge Menschen aus. Und Kinder sind unsere Zukunft: B\u00fcrgermeister, Politiker, Lehrer, Handwerker.\u00a0<strong>Die junge Generation d\u00fcrstet nach unseren lebendigen Zeugnissen.<\/strong>\u00a0Ich bin sicher:\u00a0<strong>Wenn wir leben, was wir glauben, werden andere glauben, was wir leben.\u00a0<\/strong>Durch lebendiges Vorleben werden sie zu Menschen, die Zeugnis auf ihren Arbeitsst\u00e4tten geben. Lasst uns daf\u00fcr sorgen, dass wir Kinderg\u00e4rten und Schulen bauen, die unsere Kinder zu sprachf\u00e4higen Menschen ausbilden. Nicht nur Christen werden die Werte zu sch\u00e4tzen wissen, die christliche Erziehung mit sich bringt. Meine Erfahrung ist, dass sich Eltern bewerben, die ihre Kinder wert-voll erzogen wissen m\u00f6chten, egal an was sie selbst glauben!<\/p>\n<p>&nbsp;<\/p>\n<h3 style=\"text-align: center;\">Das Erbe mit Leben f\u00fcllen<\/h3>\n<p>&nbsp;<\/p>\n<p>Es kommt nicht darauf an, was ich vererben m\u00f6chte, sondern was Jesus will, was ich vererbe. Wie bei dem Gleichnis mit den Talenten\u00a0(vgl. Lukas 9,11-25),\u00a0bin ich Verwalter seines Erbes und sollte noch hinzuf\u00fcgen, was Jesus hinzuf\u00fcgen w\u00fcrde.\u00a0Jesus \u201eletzter Wille\u201c (siehe Markus 16,15) ist kein Befehl, sondern eine Bevollm\u00e4chtigung \u2013 denn er wusste, dass wir das k\u00f6nnen. Das hei\u00dft nicht, dass wir uns an die Ecken der Stra\u00dfen stellen m\u00fcssen und das Evangelium in die Welt br\u00fcllen \u2013 es gen\u00fcgt schon Allt\u00e4gliches: z. B. die Frau mit dem \u00fcbervollen Einkaufswagen vorlassen \u2013 weil sie jede Sekunde braucht, um ihre Gro\u00dffamilie zu managen.\u00a0<strong>Lasst uns kreativ werden mit \u201eguten Taten\u201c.<\/strong> Lasst uns immer freundlich sein, in dem Wissen, dass Jesus diese Person liebt \u2013 auch wenn es der ungeliebte Nachbar ist \u2013 denn auch f\u00fcr ihn ist Jesus ans Kreuz gegangen. <strong>Lasst uns anders sein \u2013 ohne spooky zu sein\u00a0<\/strong>\u2013 einfach mal anfangen und abwarten, was passiert. Wir k\u00f6nnen das Salz, das wir sind (vgl. Matth\u00e4us 5,13), nur wirksam werden lassen, wenn es Kontakt mit dem Lebensmittel hat \u2013 denn Salz ist ein Geschmacksverst\u00e4rker.\u00a0<strong>Das Salz muss aus dem Streuer raus!<\/strong> Wenn wir also \u201egute Verwalter\u201c sein wollen, dann lasst es die anderen sp\u00fcren, egal wer sie sind \u2013 wir wissen oft so wenig von ihnen! Vielleicht ist es genau dein L\u00e4cheln, das ihnen den Tag versch\u00f6nt.\u00a0<strong>Vielleicht ist genau das der Anlass, dass sie fragen, was bei uns anders ist \u2013 und dann k\u00f6nnen wir \u00fcber den Grund sprechen: die Liebe, die veranlasst hat, dass wir frei sind durch das Erbe von Jesus!<\/strong><\/p>\n<p style=\"text-align: center;\">***<\/p>\n<div id=\"attachment_21763\" style=\"width: 410px\" class=\"wp-caption aligncenter\"><img loading=\"lazy\" decoding=\"async\" aria-describedby=\"caption-attachment-21763\" class=\"wp-image-21763\" src=\"https:\/\/cbndeutschland.org\/wp-content\/uploads\/2026\/08\/nl_erlebt_beitragfoto-5-971x1024.png\" alt=\"Portr\u00e4t Friedhelm Holthuis, Pr\u00e4ses des Bund Freikirchlicher Pfingstgemeinden in Deutschland (BFP)\" width=\"400\" height=\"422\" srcset=\"https:\/\/cbndeutschland.org\/wp-content\/uploads\/2026\/08\/nl_erlebt_beitragfoto-5-971x1024.png 971w, https:\/\/cbndeutschland.org\/wp-content\/uploads\/2026\/08\/nl_erlebt_beitragfoto-5-284x300.png 284w, https:\/\/cbndeutschland.org\/wp-content\/uploads\/2026\/08\/nl_erlebt_beitragfoto-5-768x810.png 768w, https:\/\/cbndeutschland.org\/wp-content\/uploads\/2026\/08\/nl_erlebt_beitragfoto-5.png 1000w\" sizes=\"auto, (max-width: 400px) 100vw, 400px\" \/><p id=\"caption-attachment-21763\" class=\"wp-caption-text\">Quelle: BFP<\/p><\/div>\n<p style=\"text-align: center;\"><em>\u00a0\u00a0<\/em><br \/>\n<em>\u00dcber den Autor: Pastor Friedhelm Holthuis (Jahrgang 1971), verheiratet mit Elke, drei Kinder. Er ist Seniorpastor der Credo Kirche, einer Gemeinde mit sieben Standorten. Ein Herzensanliegen von ihm sind relevante, sich multiplizierende Gemeinden. Seit September 2022 ist Friedhelm Pr\u00e4ses des BFP. Er ist au\u00dferdem Chairman der Assemblies of God in Europa und Vice-Chairman der Pentecostal European Fellowship.\u00a0<\/em><\/p>\n<p>&nbsp;<\/p>\n<p style=\"text-align: center;\">***<\/p>\n<p>&nbsp;<\/p>\n<p style=\"font-size: 120%; text-align: center;\"><strong>Dieser Artikel stammt aus dem ERLEBT Magazin zum Thema \u201eErben Gottes\u201c (Ausgabe Nr. 53 \u2013 September 2026)<br \/>\nBestellen Sie sich hier ein kostenloses Exemplar nach Hause!<\/strong><\/p>\n<p style=\"text-align: center;\"><img loading=\"lazy\" decoding=\"async\" class=\"alignnone size-medium wp-image-16638\" src=\"https:\/\/cbndeutschland.org\/wp-content\/uploads\/2024\/11\/nl_erlebt_mockupstehend_winter.jpg\" alt=\"ERLEBT Magazin Ausgabe 46\" width=\"1\" height=\"1\" \/><\/p>\n<p><img loading=\"lazy\" decoding=\"async\" class=\"aligncenter wp-image-21930\" src=\"https:\/\/cbndeutschland.org\/wp-content\/uploads\/2026\/08\/nl_erlebt_mockupstehend-5-scaled-1024x926.jpg\" alt=\"ERLEBT Magazin Ausgabe September 2026 zum Thema &quot;Erben Gottes&quot;\" width=\"600\" height=\"543\" srcset=\"https:\/\/cbndeutschland.org\/wp-content\/uploads\/2026\/08\/nl_erlebt_mockupstehend-5-scaled-1024x926.jpg 1024w, https:\/\/cbndeutschland.org\/wp-content\/uploads\/2026\/08\/nl_erlebt_mockupstehend-5-scaled-300x271.jpg 300w, https:\/\/cbndeutschland.org\/wp-content\/uploads\/2026\/08\/nl_erlebt_mockupstehend-5-768x695.jpg 768w, https:\/\/cbndeutschland.org\/wp-content\/uploads\/2026\/08\/nl_erlebt_mockupstehend-5-1536x1389.jpg 1536w, https:\/\/cbndeutschland.org\/wp-content\/uploads\/2026\/08\/nl_erlebt_mockupstehend-5-2048x1852.jpg 2048w\" sizes=\"auto, (max-width: 600px) 100vw, 600px\" \/><\/p>\n<p style=\"text-align: center;\">[mk_button corner_style=&#8220;rounded&#8220; dimension=&#8220;two&#8220; size=&#8220;large&#8220; url=&#8220;https:\/\/cbndeutschland.org\/magazin\/anfordern&#8220; align=&#8220;center&#8220;]ERLEBT MAGAZIN BESTELLEN[\/mk_button]\n<p>&nbsp;<\/p>\n","protected":false},"excerpt":{"rendered":"<p>Geboren, um zu (ver)erben! &nbsp; oder \u201eDas Salz muss aus dem Streuer!\u201c &nbsp; von Friedhelm Holthuis, Pr\u00e4ses des BFP (Bund Freikirchlicher Pfingstgemeinden in Deutschland) und Senior-Pastor der Credo-Kirche\u00a0 Co-Autorin: Mari Schmidt\u00a0 Als ich gebeten wurde, etwas zum Thema \u201eErben Gottes\u201c zu schreiben, stellte ich mir die Frage, ob ich dar\u00fcber schreiben soll, was ich als [&hellip;]<\/p>\n","protected":false},"author":2,"featured_media":21761,"comment_status":"open","ping_status":"open","sticky":false,"template":"","format":"standard","meta":{"footnotes":"","_links_to":"","_links_to_target":""},"categories":[694],"tags":[1310,1019],"class_list":["post-21760","post","type-post","status-publish","format-standard","has-post-thumbnail","hentry","category-unkategorisiert","tag-andacht","tag-erlebt"],"yoast_head":"<!-- This site is optimized with the Yoast SEO plugin v28.1 - https:\/\/yoast.com\/product\/yoast-seo-wordpress\/ -->\n<title>Geboren, um zu vererben - CBN Deutschland<\/title>\n<meta name=\"description\" content=\"Als Christen sind wir Kinder Gottes und damit auch Erben. Friedhelm Holthuis, Pr\u00e4ses des BFP, erkl\u00e4rt, was es bedeutet, Erbe Gottes zu sein.\" \/>\n<meta name=\"robots\" content=\"index, follow, max-snippet:-1, max-image-preview:large, max-video-preview:-1\" \/>\n<link rel=\"canonical\" href=\"https:\/\/cbndeutschland.org\/de\/geboren-um-zu-vererben\/\" \/>\n<meta property=\"og:locale\" content=\"de_DE\" \/>\n<meta property=\"og:type\" content=\"article\" \/>\n<meta property=\"og:title\" content=\"Geboren, um zu vererben - CBN Deutschland\" \/>\n<meta property=\"og:description\" content=\"Als Christen sind wir Kinder Gottes und damit auch Erben. Friedhelm Holthuis, Pr\u00e4ses des BFP, erkl\u00e4rt, was es bedeutet, Erbe Gottes zu sein.\" \/>\n<meta property=\"og:url\" content=\"https:\/\/cbndeutschland.org\/de\/geboren-um-zu-vererben\/\" \/>\n<meta property=\"og:site_name\" content=\"CBN Deutschland\" \/>\n<meta property=\"article:published_time\" content=\"2026-09-03T12:00:38+00:00\" \/>\n<meta property=\"article:modified_time\" content=\"2026-09-03T12:19:49+00:00\" \/>\n<meta property=\"og:image\" content=\"https:\/\/cbndeutschland.org\/wp-content\/uploads\/2026\/08\/website_header_beitrag_leitartikel-1.jpg\" \/>\n\t<meta property=\"og:image:width\" content=\"1100\" \/>\n\t<meta property=\"og:image:height\" content=\"300\" \/>\n\t<meta property=\"og:image:type\" content=\"image\/jpeg\" \/>\n<meta name=\"author\" content=\"CBN Deutschland\" \/>\n<meta name=\"twitter:card\" content=\"summary_large_image\" \/>\n<meta name=\"twitter:label1\" content=\"Written by\" \/>\n\t<meta name=\"twitter:data1\" content=\"CBN Deutschland\" \/>\n\t<meta name=\"twitter:label2\" content=\"Est. reading time\" \/>\n\t<meta name=\"twitter:data2\" content=\"8 Minuten\" \/>\n<script type=\"application\/ld+json\" class=\"yoast-schema-graph\">{\"@context\":\"https:\\\/\\\/schema.org\",\"@graph\":[{\"@type\":\"Article\",\"@id\":\"https:\\\/\\\/cbndeutschland.org\\\/de\\\/geboren-um-zu-vererben\\\/#article\",\"isPartOf\":{\"@id\":\"https:\\\/\\\/cbndeutschland.org\\\/de\\\/geboren-um-zu-vererben\\\/\"},\"author\":{\"name\":\"CBN Deutschland\",\"@id\":\"https:\\\/\\\/cbndeutschland.org\\\/de\\\/#\\\/schema\\\/person\\\/2214e4d6b7e3f44107ad0244efe54f63\"},\"headline\":\"Geboren, um zu vererben\",\"datePublished\":\"2026-09-03T12:00:38+00:00\",\"dateModified\":\"2026-09-03T12:19:49+00:00\",\"mainEntityOfPage\":{\"@id\":\"https:\\\/\\\/cbndeutschland.org\\\/de\\\/geboren-um-zu-vererben\\\/\"},\"wordCount\":1364,\"commentCount\":0,\"publisher\":{\"@id\":\"https:\\\/\\\/cbndeutschland.org\\\/de\\\/#organization\"},\"image\":{\"@id\":\"https:\\\/\\\/cbndeutschland.org\\\/de\\\/geboren-um-zu-vererben\\\/#primaryimage\"},\"thumbnailUrl\":\"https:\\\/\\\/cbndeutschland.org\\\/wp-content\\\/uploads\\\/2026\\\/08\\\/website_header_beitrag_leitartikel-1.jpg\",\"keywords\":[\"Andacht\",\"ERLEBT\"],\"articleSection\":[\"Unkategorisiert\"],\"inLanguage\":\"de-DE\",\"potentialAction\":[{\"@type\":\"CommentAction\",\"name\":\"Comment\",\"target\":[\"https:\\\/\\\/cbndeutschland.org\\\/de\\\/geboren-um-zu-vererben\\\/#respond\"]}]},{\"@type\":\"WebPage\",\"@id\":\"https:\\\/\\\/cbndeutschland.org\\\/de\\\/geboren-um-zu-vererben\\\/\",\"url\":\"https:\\\/\\\/cbndeutschland.org\\\/de\\\/geboren-um-zu-vererben\\\/\",\"name\":\"Geboren, um zu vererben - CBN Deutschland\",\"isPartOf\":{\"@id\":\"https:\\\/\\\/cbndeutschland.org\\\/de\\\/#website\"},\"primaryImageOfPage\":{\"@id\":\"https:\\\/\\\/cbndeutschland.org\\\/de\\\/geboren-um-zu-vererben\\\/#primaryimage\"},\"image\":{\"@id\":\"https:\\\/\\\/cbndeutschland.org\\\/de\\\/geboren-um-zu-vererben\\\/#primaryimage\"},\"thumbnailUrl\":\"https:\\\/\\\/cbndeutschland.org\\\/wp-content\\\/uploads\\\/2026\\\/08\\\/website_header_beitrag_leitartikel-1.jpg\",\"datePublished\":\"2026-09-03T12:00:38+00:00\",\"dateModified\":\"2026-09-03T12:19:49+00:00\",\"description\":\"Als Christen sind wir Kinder Gottes und damit auch Erben. Friedhelm Holthuis, Pr\u00e4ses des BFP, erkl\u00e4rt, was es bedeutet, Erbe Gottes zu sein.\",\"breadcrumb\":{\"@id\":\"https:\\\/\\\/cbndeutschland.org\\\/de\\\/geboren-um-zu-vererben\\\/#breadcrumb\"},\"inLanguage\":\"de-DE\",\"potentialAction\":[{\"@type\":\"ReadAction\",\"target\":[\"https:\\\/\\\/cbndeutschland.org\\\/de\\\/geboren-um-zu-vererben\\\/\"]}]},{\"@type\":\"ImageObject\",\"inLanguage\":\"de-DE\",\"@id\":\"https:\\\/\\\/cbndeutschland.org\\\/de\\\/geboren-um-zu-vererben\\\/#primaryimage\",\"url\":\"https:\\\/\\\/cbndeutschland.org\\\/wp-content\\\/uploads\\\/2026\\\/08\\\/website_header_beitrag_leitartikel-1.jpg\",\"contentUrl\":\"https:\\\/\\\/cbndeutschland.org\\\/wp-content\\\/uploads\\\/2026\\\/08\\\/website_header_beitrag_leitartikel-1.jpg\",\"width\":1100,\"height\":300,\"caption\":\"Ein Senior t\u00f6pfert gemeinsam mit einem kleinen Jungen\"},{\"@type\":\"BreadcrumbList\",\"@id\":\"https:\\\/\\\/cbndeutschland.org\\\/de\\\/geboren-um-zu-vererben\\\/#breadcrumb\",\"itemListElement\":[{\"@type\":\"ListItem\",\"position\":1,\"name\":\"Startseite\",\"item\":\"https:\\\/\\\/cbndeutschland.org\\\/de\\\/\"},{\"@type\":\"ListItem\",\"position\":2,\"name\":\"Geboren, um zu vererben\"}]},{\"@type\":\"WebSite\",\"@id\":\"https:\\\/\\\/cbndeutschland.org\\\/de\\\/#website\",\"url\":\"https:\\\/\\\/cbndeutschland.org\\\/de\\\/\",\"name\":\"CBN Deutschland\",\"description\":\"CBN Deutschland\",\"publisher\":{\"@id\":\"https:\\\/\\\/cbndeutschland.org\\\/de\\\/#organization\"},\"potentialAction\":[{\"@type\":\"SearchAction\",\"target\":{\"@type\":\"EntryPoint\",\"urlTemplate\":\"https:\\\/\\\/cbndeutschland.org\\\/de\\\/?s={search_term_string}\"},\"query-input\":{\"@type\":\"PropertyValueSpecification\",\"valueRequired\":true,\"valueName\":\"search_term_string\"}}],\"inLanguage\":\"de-DE\"},{\"@type\":\"Organization\",\"@id\":\"https:\\\/\\\/cbndeutschland.org\\\/de\\\/#organization\",\"name\":\"CBN Deutschland\",\"url\":\"https:\\\/\\\/cbndeutschland.org\\\/de\\\/\",\"logo\":{\"@type\":\"ImageObject\",\"inLanguage\":\"de-DE\",\"@id\":\"https:\\\/\\\/cbndeutschland.org\\\/de\\\/#\\\/schema\\\/logo\\\/image\\\/\",\"url\":\"https:\\\/\\\/cbndeutschland.org\\\/wp-content\\\/uploads\\\/2017\\\/02\\\/cbn-logo-web-blue.png\",\"contentUrl\":\"https:\\\/\\\/cbndeutschland.org\\\/wp-content\\\/uploads\\\/2017\\\/02\\\/cbn-logo-web-blue.png\",\"width\":385,\"height\":55,\"caption\":\"CBN Deutschland\"},\"image\":{\"@id\":\"https:\\\/\\\/cbndeutschland.org\\\/de\\\/#\\\/schema\\\/logo\\\/image\\\/\"}},{\"@type\":\"Person\",\"@id\":\"https:\\\/\\\/cbndeutschland.org\\\/de\\\/#\\\/schema\\\/person\\\/2214e4d6b7e3f44107ad0244efe54f63\",\"name\":\"CBN Deutschland\",\"url\":\"https:\\\/\\\/cbndeutschland.org\\\/de\\\/author\\\/anke\\\/\"}]}<\/script>\n<!-- \/ Yoast SEO plugin. -->","yoast_head_json":{"title":"Geboren, um zu vererben - CBN Deutschland","description":"Als Christen sind wir Kinder Gottes und damit auch Erben. Friedhelm Holthuis, Pr\u00e4ses des BFP, erkl\u00e4rt, was es bedeutet, Erbe Gottes zu sein.","robots":{"index":"index","follow":"follow","max-snippet":"max-snippet:-1","max-image-preview":"max-image-preview:large","max-video-preview":"max-video-preview:-1"},"canonical":"https:\/\/cbndeutschland.org\/de\/geboren-um-zu-vererben\/","og_locale":"de_DE","og_type":"article","og_title":"Geboren, um zu vererben - CBN Deutschland","og_description":"Als Christen sind wir Kinder Gottes und damit auch Erben. Friedhelm Holthuis, Pr\u00e4ses des BFP, erkl\u00e4rt, was es bedeutet, Erbe Gottes zu sein.","og_url":"https:\/\/cbndeutschland.org\/de\/geboren-um-zu-vererben\/","og_site_name":"CBN Deutschland","article_published_time":"2026-09-03T12:00:38+00:00","article_modified_time":"2026-09-03T12:19:49+00:00","og_image":[{"width":1100,"height":300,"url":"https:\/\/cbndeutschland.org\/wp-content\/uploads\/2026\/08\/website_header_beitrag_leitartikel-1.jpg","type":"image\/jpeg"}],"author":"CBN Deutschland","twitter_card":"summary_large_image","twitter_misc":{"Written by":"CBN Deutschland","Est. reading time":"8 Minuten"},"schema":{"@context":"https:\/\/schema.org","@graph":[{"@type":"Article","@id":"https:\/\/cbndeutschland.org\/de\/geboren-um-zu-vererben\/#article","isPartOf":{"@id":"https:\/\/cbndeutschland.org\/de\/geboren-um-zu-vererben\/"},"author":{"name":"CBN Deutschland","@id":"https:\/\/cbndeutschland.org\/de\/#\/schema\/person\/2214e4d6b7e3f44107ad0244efe54f63"},"headline":"Geboren, um zu vererben","datePublished":"2026-09-03T12:00:38+00:00","dateModified":"2026-09-03T12:19:49+00:00","mainEntityOfPage":{"@id":"https:\/\/cbndeutschland.org\/de\/geboren-um-zu-vererben\/"},"wordCount":1364,"commentCount":0,"publisher":{"@id":"https:\/\/cbndeutschland.org\/de\/#organization"},"image":{"@id":"https:\/\/cbndeutschland.org\/de\/geboren-um-zu-vererben\/#primaryimage"},"thumbnailUrl":"https:\/\/cbndeutschland.org\/wp-content\/uploads\/2026\/08\/website_header_beitrag_leitartikel-1.jpg","keywords":["Andacht","ERLEBT"],"articleSection":["Unkategorisiert"],"inLanguage":"de-DE","potentialAction":[{"@type":"CommentAction","name":"Comment","target":["https:\/\/cbndeutschland.org\/de\/geboren-um-zu-vererben\/#respond"]}]},{"@type":"WebPage","@id":"https:\/\/cbndeutschland.org\/de\/geboren-um-zu-vererben\/","url":"https:\/\/cbndeutschland.org\/de\/geboren-um-zu-vererben\/","name":"Geboren, um zu vererben - CBN Deutschland","isPartOf":{"@id":"https:\/\/cbndeutschland.org\/de\/#website"},"primaryImageOfPage":{"@id":"https:\/\/cbndeutschland.org\/de\/geboren-um-zu-vererben\/#primaryimage"},"image":{"@id":"https:\/\/cbndeutschland.org\/de\/geboren-um-zu-vererben\/#primaryimage"},"thumbnailUrl":"https:\/\/cbndeutschland.org\/wp-content\/uploads\/2026\/08\/website_header_beitrag_leitartikel-1.jpg","datePublished":"2026-09-03T12:00:38+00:00","dateModified":"2026-09-03T12:19:49+00:00","description":"Als Christen sind wir Kinder Gottes und damit auch Erben. Friedhelm Holthuis, Pr\u00e4ses des BFP, erkl\u00e4rt, was es bedeutet, Erbe Gottes zu sein.","breadcrumb":{"@id":"https:\/\/cbndeutschland.org\/de\/geboren-um-zu-vererben\/#breadcrumb"},"inLanguage":"de-DE","potentialAction":[{"@type":"ReadAction","target":["https:\/\/cbndeutschland.org\/de\/geboren-um-zu-vererben\/"]}]},{"@type":"ImageObject","inLanguage":"de-DE","@id":"https:\/\/cbndeutschland.org\/de\/geboren-um-zu-vererben\/#primaryimage","url":"https:\/\/cbndeutschland.org\/wp-content\/uploads\/2026\/08\/website_header_beitrag_leitartikel-1.jpg","contentUrl":"https:\/\/cbndeutschland.org\/wp-content\/uploads\/2026\/08\/website_header_beitrag_leitartikel-1.jpg","width":1100,"height":300,"caption":"Ein Senior t\u00f6pfert gemeinsam mit einem kleinen Jungen"},{"@type":"BreadcrumbList","@id":"https:\/\/cbndeutschland.org\/de\/geboren-um-zu-vererben\/#breadcrumb","itemListElement":[{"@type":"ListItem","position":1,"name":"Startseite","item":"https:\/\/cbndeutschland.org\/de\/"},{"@type":"ListItem","position":2,"name":"Geboren, um zu vererben"}]},{"@type":"WebSite","@id":"https:\/\/cbndeutschland.org\/de\/#website","url":"https:\/\/cbndeutschland.org\/de\/","name":"CBN Deutschland","description":"CBN Deutschland","publisher":{"@id":"https:\/\/cbndeutschland.org\/de\/#organization"},"potentialAction":[{"@type":"SearchAction","target":{"@type":"EntryPoint","urlTemplate":"https:\/\/cbndeutschland.org\/de\/?s={search_term_string}"},"query-input":{"@type":"PropertyValueSpecification","valueRequired":true,"valueName":"search_term_string"}}],"inLanguage":"de-DE"},{"@type":"Organization","@id":"https:\/\/cbndeutschland.org\/de\/#organization","name":"CBN Deutschland","url":"https:\/\/cbndeutschland.org\/de\/","logo":{"@type":"ImageObject","inLanguage":"de-DE","@id":"https:\/\/cbndeutschland.org\/de\/#\/schema\/logo\/image\/","url":"https:\/\/cbndeutschland.org\/wp-content\/uploads\/2017\/02\/cbn-logo-web-blue.png","contentUrl":"https:\/\/cbndeutschland.org\/wp-content\/uploads\/2017\/02\/cbn-logo-web-blue.png","width":385,"height":55,"caption":"CBN Deutschland"},"image":{"@id":"https:\/\/cbndeutschland.org\/de\/#\/schema\/logo\/image\/"}},{"@type":"Person","@id":"https:\/\/cbndeutschland.org\/de\/#\/schema\/person\/2214e4d6b7e3f44107ad0244efe54f63","name":"CBN Deutschland","url":"https:\/\/cbndeutschland.org\/de\/author\/anke\/"}]}},"_links":{"self":[{"href":"https:\/\/cbndeutschland.org\/de\/wp-json\/wp\/v2\/posts\/21760","targetHints":{"allow":["GET"]}}],"collection":[{"href":"https:\/\/cbndeutschland.org\/de\/wp-json\/wp\/v2\/posts"}],"about":[{"href":"https:\/\/cbndeutschland.org\/de\/wp-json\/wp\/v2\/types\/post"}],"author":[{"embeddable":true,"href":"https:\/\/cbndeutschland.org\/de\/wp-json\/wp\/v2\/users\/2"}],"replies":[{"embeddable":true,"href":"https:\/\/cbndeutschland.org\/de\/wp-json\/wp\/v2\/comments?post=21760"}],"version-history":[{"count":10,"href":"https:\/\/cbndeutschland.org\/de\/wp-json\/wp\/v2\/posts\/21760\/revisions"}],"predecessor-version":[{"id":21934,"href":"https:\/\/cbndeutschland.org\/de\/wp-json\/wp\/v2\/posts\/21760\/revisions\/21934"}],"wp:featuredmedia":[{"embeddable":true,"href":"https:\/\/cbndeutschland.org\/de\/wp-json\/wp\/v2\/media\/21761"}],"wp:attachment":[{"href":"https:\/\/cbndeutschland.org\/de\/wp-json\/wp\/v2\/media?parent=21760"}],"wp:term":[{"taxonomy":"category","embeddable":true,"href":"https:\/\/cbndeutschland.org\/de\/wp-json\/wp\/v2\/categories?post=21760"},{"taxonomy":"post_tag","embeddable":true,"href":"https:\/\/cbndeutschland.org\/de\/wp-json\/wp\/v2\/tags?post=21760"}],"curies":[{"name":"wp","href":"https:\/\/api.w.org\/{rel}","templated":true}]}}