{"id":12932,"date":"2024-02-21T12:33:21","date_gmt":"2024-02-21T11:33:21","guid":{"rendered":"https:\/\/cbndeutschland.org\/?p=12932"},"modified":"2025-06-02T18:20:00","modified_gmt":"2025-06-02T16:20:00","slug":"dan-carlson","status":"publish","type":"post","link":"https:\/\/cbndeutschland.org\/de\/dan-carlson\/","title":{"rendered":"Interview mit Dan Carlson von CBN ISRAEL"},"content":{"rendered":"<div class=\"wpb-content-wrapper\"><h1 style=\"text-align: center;\">\u201eGOTT IST IMMER NOCH SOUVER\u00c4N\u201c<\/h1>\n<p>&nbsp;<\/p>\n<h2 style=\"text-align: center;\">Interview mit Dan Carlson von CBN Israel<\/h2>\n<p>&nbsp;<\/p>\n<div class=\"wpb_row vc_row vc_row-fluid jupiter-donut- mk-fullwidth-false attched-false js-master-row mk-grid mk-in-viewport\" data-mk-stretch-content=\"true\">\n<div class=\"vc_col-sm-12 wpb_column column_container jupiter-donut- _ jupiter-donut-height-full\">\n<div id=\"mk-button-3\" class=\"mk-button-container _ jupiter-donut-relative jupiter-donut-inline-block jupiter-donut-right \"><strong>Am 7. Oktober letzten Jahres startete der \u00fcberraschende Angriff der Hamas auf Israel, bei dem so viele Israelis get\u00f6tet wurden wie seit dem Holocaust nicht mehr. Dan Carlson leitet das CBN-B\u00fcro in Israel. Er hat uns besucht und wir durften als Team Zeit mit ihm verbringen, von ihm h\u00f6ren und f\u00fcr ihn und Israel beten. Auch wenn er seinen Humor nicht verloren hat, merkt man ihm an, dass ihn die letzten Monate schwer belasten. Dan hat mit uns \u00fcber die Lage vor Ort gesprochen.<\/strong><\/div>\n<\/div>\n<\/div>\n<p>&nbsp;<\/p>\n<p style=\"text-align: center;\"><iframe loading=\"lazy\" title=\"YouTube video player\" src=\"https:\/\/www.youtube.com\/embed\/AwVdwAD8dmg?si=AfKTvo8ydo17THqU\" width=\"\u201c320\u201c\" height=\"\u201c240\u201c\" frameborder=\"0\" allowfullscreen=\"allowfullscreen\"><span data-mce-type=\"bookmark\" style=\"display: inline-block; width: 0px; overflow: hidden; line-height: 0;\" class=\"mce_SELRES_start\">\ufeff<\/span><\/iframe><\/p>\n<p>&nbsp;<\/p>\n<p style=\"text-align: center;\">[mk_button corner_style=&#8220;rounded&#8220; dimension=&#8220;two&#8220;\u00a0 size=&#8220;large&#8220; url=&#8220;https:\/\/cbndeutschland.org\/de\/dan-carlson\/#Israel-Spende-CBN&#8220; align=&#8220;center&#8220;]CBN ISRAEL UNTERST\u00dcTZEN[\/mk_button]\n<p>&nbsp;<\/p>\n<h3 style=\"text-align: left;\">Das Interview<\/h3>\n<p><strong>Israel ist nun schon seit \u00fcber 100 Tagen in einer Kriegssituation. Wie erlebst du die Stimmung im Land?<\/strong><\/p>\n<p>Es herrscht viel Traurigkeit. Der Krieg ist ganz nah. Und so sp\u00fcren wir alle andauernd seine Auswirkungen. Alle Nachrichten, alles, was man in Israel tut, hat irgendwie mit dem Krieg zu tun.<\/p>\n<p>Es ist einfach ein st\u00e4ndiger Konfl ikt. Einige sind von der Regierung entt\u00e4uscht. Und viele haben das Gef\u00fchl, dass wir alles M\u00f6gliche versucht haben, aber nichts zu funktionieren scheint. Und ich denke, selbst die Frage, wie es weitergehen soll, wird viele Israelis in der Zeit nach dem Krieg besch\u00e4ftigen: Was ist eine langfristige L\u00f6sung?<\/p>\n<p><strong>Die Menschen in Israel sind mit vielen grausamen Situationen konfrontiert. Wie traumatisiert sind sie?<\/strong><\/p>\n<p>Ich denke, das Trauma ist defi nitiv gro\u00df. Es wird gesagt, dass dies das schlimmste Ereignis in der Geschichte Israels war seit den Tagen des Holocausts. Und es ist eine sehr schreckliche Zeit. Wir sind Konfl ikte gewohnt in denen zehn Tage oder zwei Wochen lang gek\u00e4mpft wird. Und dann beruhigt sich die Lage und die Menschen kehren zu ihrem normalen Leben zur\u00fcck. Aber dieser Krieg ist anders. Der Konfl ikt dauert jetzt schon fast vier Monate an. Ein Ende ist nicht wirklich in Sicht. Es f\u00fchlt sich an wie ein sehr, sehr langer 7. Oktober \u2013 auch heute noch.<\/p>\n<p><strong>Was tut CBN in Israel, um den Menschen vor Ort zu helfen? Worin liegt euer Schwerpunkt?<\/strong><\/p>\n<p>Auch das hat sich mit dem Krieg ge\u00e4ndert. In der ersten Zeit des Krieges ging es zun\u00e4chst um die Evakuierung der Menschen. Das war das Wichtigste \u2013 noch bevor die Regierung erkannte, was vor sich ging und sich in Bewegung setzte und f\u00fcr Unterk\u00fcnfte und Lebensmittel sorgte. Es gibt immer noch eine enorme Anzahl Israelis, die seit fast vier Monaten in Hotelzimmern leben \u2013 manchmal sind es vier oder f\u00fcnf Mitglieder einer Familie in einem Hotelzimmer. Und wahrscheinlich wird es sich f\u00fcr einige dieser Familien nicht so schnell wieder normalisieren.<\/p>\n<p>Wir haben unsere Hilfe angepasst, ob es nun um die Bereitstellung von Unterk\u00fcnften oder Nahrungsmitteln geht. Aber wir denken auch dar\u00fcber nach, wie man nun die Gemeinden st\u00e4rkt, wie man Familien st\u00e4rkt, die diese traumatischen Ereignisse erlebt haben. Wie kann man Veranstaltungen organisieren, die es Menschen erm\u00f6glichen, auf gesunde Weise miteinander zu interagieren. Und wir m\u00f6chten eine Beratung f\u00fcr Wiederherstellung anbieten, f\u00fcr posttraumatische Belastungsst\u00f6rungen und \u00c4hnliches, sodass die Menschen beginnen k\u00f6nnen, die Geschehnisse auf emotionaler Ebene zu verarbeiten.<\/p>\n<p><strong>Wie gehst du pers\u00f6nlich mit all den Herausforderungen um, mit denen du konfrontiert bist?<\/strong><\/p>\n<p>In den ersten zwei Monaten des Krieges habe ich einfach versucht, nicht in Depressionen zu versinken. Also rennst du einfach los und bist die ganze Zeit am Machen. Man versucht, nicht zu schlafen bis man todm\u00fcde ist und dann schl\u00e4ft man ein. Nach ein paar Stunden wacht man auf, steht auf und f\u00e4ngt wieder an zu laufen, damit man nicht dar\u00fcber nachdenken muss, was einen noch einholen k\u00f6nnte. Ich bin kein Psychologe, aber das ist wahrscheinlich nicht die beste Art, damit umzugehen. Man hat nicht den Luxus, sich Zeit zum Trauern zu nehmen und sich hinzusetzen und zu verarbeiten. Man ist immer noch mitten im Geschehen. Das ist der Punkt, an dem wir stehen. Und ich glaube nicht, dass ich damit allein dastehe.<\/p>\n<p><strong>Im Internet ver\u00f6ffentlicht CBN Israel eine Liste mit Gebetsanliegen. Da bittet ihr auch um Gebet f\u00fcr die Pal\u00e4stinenser. Wieso ist euch das ein Anliegen?<\/strong><\/p>\n<p>Wir f\u00fchren humanit\u00e4re Projekte unter den Pal\u00e4stinensern durch. Wir sp\u00fcren, dass Gottes Liebe nicht auf uns oder Menschen, die wie wir sind, beschr\u00e4nkt ist. Sie gilt allen Menschen. Und deshalb gilt die Barmherzigkeit Gottes, egal welcher Nation die Menschen angeh\u00f6ren. Wir wissen, dass am Ende um den Thron der Gnade Menschen aus allen St\u00e4mmen, Sprachen und Nationen versammelt sein werden. Und wenn das der Fall ist, dann ist es unsere Pfl icht vor dem Herrn, diese Gnade auf alle auszudehnen \u2013 unabh\u00e4ngig des Stamms, der Gemeinschaft und der Sprache.<\/p>\n<p><strong>Wie blickst du geistlich auf diesen Krieg?<\/strong><\/p>\n<p>Ich denke, wenn man die Geschichte des Menschen aus der N\u00e4he betrachtet, dann ist sie durchsetzt mit schrecklichen Ereignissen. Wenn ich mir also anschaue, was hier vor sich geht, dann geht es im Wesentlichen darum, dass die Menschen sich zwar im Bereich der Technologie entwickelt haben, aber nicht im Bereich der Umwandlung des Herzens. Das muss Gott f\u00fcr uns tun, damit wir nicht mehr das sind, was wir sind \u2013 n\u00e4mlich gefallene Menschen. Und damit seine Absichten erf\u00fcllt werden k\u00f6nnen, brauchen wir ihn an Bord. Und wir m\u00fcssen unsere Sicht der Dinge \u00e4ndern. Wir wissen, dass Gott immer noch Gott ist, trotz allem, was wir nicht verstehen und trotz der K\u00e4mpfe, die wir durchmachen. Gott ist immer noch souver\u00e4n. Sein Thron wird nicht durch die Dinge ersch\u00fcttert, die uns ersch\u00fcttern. Aber manchmal bringt uns das, was uns ersch\u00fcttert, dazu, etwas zu suchen, das best\u00e4ndiger ist. Und wenn wir ihn in diesem Prozess fi nden, dann ist das ein solides Fundament, auf dem wir aufbauen k\u00f6nnen.<\/p>\n<p><strong>Was k\u00f6nnen wir hier in Deutschland f\u00fcr euch tun, besonders als Christen?<\/strong><\/p>\n<p>Was ich wirklich wertsch\u00e4tze \u2013 und ich denke, das taten auch viele Israelis \u2013 ist, dass die deutsche Regierung die Entscheidung getroffen hat, sich in Den Haag an die Seite Israels zu stellen, um das eigene Recht auf Verteidigung in diesem Krieg zu verteidigen. Dies ist ein Verteidigungskrieg, den Israel nicht gew\u00e4hlt hat. Er kam v\u00f6llig \u00fcberraschend und er ist ein Schock f\u00fcr die meisten Israelis. Dass dies ein legitimer Verteidigungskrieg ist, dass Israel kein imperialistischer Eroberungsstaat ist, dass sie in Frieden leben wollen und die Tatsache, dass die Deutschen das anerkennen, erw\u00e4rmt, glaube ich, das Herz der Israelis ganz besonders. Viele Nationen hatten die M\u00f6glichkeit, sich gegen diese offensichtliche Verdrehung zu stellen, die S\u00fcdafrika vor dem internationalen Gerichtshof gegen die israelische Nation und das j\u00fcdische Volk vorgebracht hat. Insbesondere das j\u00fcdische Volk ist wahrscheinlich sensibler f\u00fcr das Thema V\u00f6lkermord als jede andere Nation der Welt. Und, dass S\u00fcdafrika Israel des V\u00f6lkermordes beschuldigt, ist eine entsetzliche L\u00fcge. Israel hat oft das Gef\u00fchl, allein dazustehen. Und dass Deutschland sich in dieser Angelegenheit ausdr\u00fccklich auf die Seite Israels gestellt hat, war, glaube ich, ein sehr wichtiger Schritt f\u00fcr die Israelis, um zu sehen, dass jemand auf ihrer Seite steht.<\/p>\n<p><strong>Danke, Dan, dass du hier bei uns warst und wir an deinen Gedanken Anteil haben d\u00fcrfen. Wir w\u00fcnschen dir und dem israelischen Volk viel Kraft und viel Hoffnung.<\/strong><\/p>\n<p>Vielen Dank.<\/p>\n<p style=\"text-align: center;\"><strong>Bitte beten Sie um Kraft und inneren Frieden f\u00fcr Israel, f\u00fcr das CBN-Team vor Ort und f\u00fcr alle vom Krieg betroffenen Menschen. Beten Sie um Frieden. Und, wenn Sie k\u00f6nnen, unterst\u00fctzen Sie CBN Israel mit einer Spende.<\/strong><\/p>\n<p>&nbsp;<\/p>\n<h2 id=\"Israel-Spende-CBN\" style=\"text-align: center;\">So k\u00f6nnen Sie helfen<\/h2>\n<p>&nbsp;<\/p>\n<script type=\"text\/javascript\">\n            (function() {\n                var u=\"https:\/\/spenden.twingle.de\/embed\/genericorganisation\/genericproject\/tw6525092d02bf2\/form\";\n                var id = '_' + Math.random().toString(36).substr(2, 9);\n                var d=document, g=d.createElement('script'), s=d.getElementsByTagName('script')[0], t=d.createElement('div');\n                t.id = 'twingle-public-embed-' + id;\n                document.currentScript.after(t);\n                g.type='text\/javascript'; g.async=true; g.defer=true; g.src=u+'\/'+id; s.parentNode.insertBefore(g,s);\n            })();\n        <\/script>\n<\/div>","protected":false},"excerpt":{"rendered":"<p>\u201eGOTT IST IMMER NOCH SOUVER\u00c4N\u201c &nbsp; Interview mit Dan Carlson von CBN Israel &nbsp; Am 7. Oktober letzten Jahres startete der \u00fcberraschende Angriff der Hamas auf Israel, bei dem so viele Israelis get\u00f6tet wurden wie seit dem Holocaust nicht mehr. Dan Carlson leitet das CBN-B\u00fcro in Israel. Er hat uns besucht und wir durften als [&hellip;]<\/p>\n","protected":false},"author":975902,"featured_media":12902,"comment_status":"open","ping_status":"open","sticky":false,"template":"","format":"standard","meta":{"footnotes":"","_links_to":"","_links_to_target":""},"categories":[3504,694],"tags":[287,430,1365],"class_list":["post-12932","post","type-post","status-publish","format-standard","has-post-thumbnail","hentry","category-israel-2","category-unkategorisiert","tag-humanitaere-hilfe","tag-israel","tag-katastrophenhilfe"],"yoast_head":"<!-- This site is optimized with the Yoast SEO plugin v27.1.1 - https:\/\/yoast.com\/product\/yoast-seo-wordpress\/ -->\n<title>Interview mit Dan Carlson von CBN ISRAEL - CBN Deutschland<\/title>\n<meta name=\"description\" content=\"CBN Israel Leiter Dan Carlson berichtet \u00fcber die Situation in Israel, ihren humanit\u00e4ren Einsatz dort und wie er mit der Situation umgeht.\" \/>\n<meta name=\"robots\" content=\"index, follow, max-snippet:-1, max-image-preview:large, max-video-preview:-1\" \/>\n<link rel=\"canonical\" href=\"https:\/\/cbndeutschland.org\/de\/dan-carlson\/\" \/>\n<meta property=\"og:locale\" content=\"de_DE\" \/>\n<meta property=\"og:type\" content=\"article\" \/>\n<meta property=\"og:title\" content=\"Interview mit Dan Carlson von CBN ISRAEL - CBN Deutschland\" \/>\n<meta property=\"og:description\" content=\"CBN Israel Leiter Dan Carlson berichtet \u00fcber die Situation in Israel, ihren humanit\u00e4ren Einsatz dort und wie er mit der Situation umgeht.\" \/>\n<meta property=\"og:url\" content=\"https:\/\/cbndeutschland.org\/de\/dan-carlson\/\" \/>\n<meta property=\"og:site_name\" content=\"CBN Deutschland\" \/>\n<meta property=\"article:published_time\" content=\"2024-02-21T11:33:21+00:00\" \/>\n<meta property=\"article:modified_time\" content=\"2025-06-02T16:20:00+00:00\" \/>\n<meta property=\"og:image\" content=\"https:\/\/cbndeutschland.org\/wp-content\/uploads\/2024\/02\/website_header_beitrag_dan.jpg\" \/>\n\t<meta property=\"og:image:width\" content=\"1100\" \/>\n\t<meta property=\"og:image:height\" content=\"300\" \/>\n\t<meta property=\"og:image:type\" content=\"image\/jpeg\" \/>\n<meta name=\"author\" content=\"CBN Redaktion\" \/>\n<meta name=\"twitter:card\" content=\"summary_large_image\" \/>\n<meta name=\"twitter:label1\" content=\"Written by\" \/>\n\t<meta name=\"twitter:data1\" content=\"CBN Redaktion\" \/>\n\t<meta name=\"twitter:label2\" content=\"Est. reading time\" \/>\n\t<meta name=\"twitter:data2\" content=\"7 Minuten\" \/>\n<script type=\"application\/ld+json\" class=\"yoast-schema-graph\">{\"@context\":\"https:\/\/schema.org\",\"@graph\":[{\"@type\":\"Article\",\"@id\":\"https:\/\/cbndeutschland.org\/de\/dan-carlson\/#article\",\"isPartOf\":{\"@id\":\"https:\/\/cbndeutschland.org\/de\/dan-carlson\/\"},\"author\":{\"name\":\"CBN Redaktion\",\"@id\":\"https:\/\/cbndeutschland.org\/de\/#\/schema\/person\/ffd1c6222cc1c718300fdd3d7d44cc09\"},\"headline\":\"Interview mit Dan Carlson von CBN ISRAEL\",\"datePublished\":\"2024-02-21T11:33:21+00:00\",\"dateModified\":\"2025-06-02T16:20:00+00:00\",\"mainEntityOfPage\":{\"@id\":\"https:\/\/cbndeutschland.org\/de\/dan-carlson\/\"},\"wordCount\":1325,\"commentCount\":0,\"publisher\":{\"@id\":\"https:\/\/cbndeutschland.org\/de\/#organization\"},\"image\":{\"@id\":\"https:\/\/cbndeutschland.org\/de\/dan-carlson\/#primaryimage\"},\"thumbnailUrl\":\"https:\/\/cbndeutschland.org\/wp-content\/uploads\/2024\/02\/website_header_beitrag_dan.jpg\",\"keywords\":[\"Humanit\u00e4re Hilfe\",\"Israel\",\"Katastrophenhilfe\"],\"articleSection\":[\"Israel\",\"Unkategorisiert\"],\"inLanguage\":\"de-DE\",\"potentialAction\":[{\"@type\":\"CommentAction\",\"name\":\"Comment\",\"target\":[\"https:\/\/cbndeutschland.org\/de\/dan-carlson\/#respond\"]}]},{\"@type\":\"WebPage\",\"@id\":\"https:\/\/cbndeutschland.org\/de\/dan-carlson\/\",\"url\":\"https:\/\/cbndeutschland.org\/de\/dan-carlson\/\",\"name\":\"Interview mit Dan Carlson von CBN ISRAEL - CBN Deutschland\",\"isPartOf\":{\"@id\":\"https:\/\/cbndeutschland.org\/de\/#website\"},\"primaryImageOfPage\":{\"@id\":\"https:\/\/cbndeutschland.org\/de\/dan-carlson\/#primaryimage\"},\"image\":{\"@id\":\"https:\/\/cbndeutschland.org\/de\/dan-carlson\/#primaryimage\"},\"thumbnailUrl\":\"https:\/\/cbndeutschland.org\/wp-content\/uploads\/2024\/02\/website_header_beitrag_dan.jpg\",\"datePublished\":\"2024-02-21T11:33:21+00:00\",\"dateModified\":\"2025-06-02T16:20:00+00:00\",\"description\":\"CBN Israel Leiter Dan Carlson berichtet \u00fcber die Situation in Israel, ihren humanit\u00e4ren Einsatz dort und wie er mit der Situation umgeht.\",\"breadcrumb\":{\"@id\":\"https:\/\/cbndeutschland.org\/de\/dan-carlson\/#breadcrumb\"},\"inLanguage\":\"de-DE\",\"potentialAction\":[{\"@type\":\"ReadAction\",\"target\":[\"https:\/\/cbndeutschland.org\/de\/dan-carlson\/\"]}]},{\"@type\":\"ImageObject\",\"inLanguage\":\"de-DE\",\"@id\":\"https:\/\/cbndeutschland.org\/de\/dan-carlson\/#primaryimage\",\"url\":\"https:\/\/cbndeutschland.org\/wp-content\/uploads\/2024\/02\/website_header_beitrag_dan.jpg\",\"contentUrl\":\"https:\/\/cbndeutschland.org\/wp-content\/uploads\/2024\/02\/website_header_beitrag_dan.jpg\",\"width\":1100,\"height\":300,\"caption\":\"Interview mit CBN Israel\"},{\"@type\":\"BreadcrumbList\",\"@id\":\"https:\/\/cbndeutschland.org\/de\/dan-carlson\/#breadcrumb\",\"itemListElement\":[{\"@type\":\"ListItem\",\"position\":1,\"name\":\"Startseite\",\"item\":\"https:\/\/cbndeutschland.org\/de\/\"},{\"@type\":\"ListItem\",\"position\":2,\"name\":\"Interview mit Dan Carlson von CBN ISRAEL\"}]},{\"@type\":\"WebSite\",\"@id\":\"https:\/\/cbndeutschland.org\/de\/#website\",\"url\":\"https:\/\/cbndeutschland.org\/de\/\",\"name\":\"CBN Deutschland\",\"description\":\"CBN Deutschland\",\"publisher\":{\"@id\":\"https:\/\/cbndeutschland.org\/de\/#organization\"},\"potentialAction\":[{\"@type\":\"SearchAction\",\"target\":{\"@type\":\"EntryPoint\",\"urlTemplate\":\"https:\/\/cbndeutschland.org\/de\/?s={search_term_string}\"},\"query-input\":{\"@type\":\"PropertyValueSpecification\",\"valueRequired\":true,\"valueName\":\"search_term_string\"}}],\"inLanguage\":\"de-DE\"},{\"@type\":\"Organization\",\"@id\":\"https:\/\/cbndeutschland.org\/de\/#organization\",\"name\":\"CBN Deutschland\",\"url\":\"https:\/\/cbndeutschland.org\/de\/\",\"logo\":{\"@type\":\"ImageObject\",\"inLanguage\":\"de-DE\",\"@id\":\"https:\/\/cbndeutschland.org\/de\/#\/schema\/logo\/image\/\",\"url\":\"https:\/\/cbndeutschland.org\/wp-content\/uploads\/2017\/02\/cbn-logo-web-blue.png\",\"contentUrl\":\"https:\/\/cbndeutschland.org\/wp-content\/uploads\/2017\/02\/cbn-logo-web-blue.png\",\"width\":385,\"height\":55,\"caption\":\"CBN Deutschland\"},\"image\":{\"@id\":\"https:\/\/cbndeutschland.org\/de\/#\/schema\/logo\/image\/\"}},{\"@type\":\"Person\",\"@id\":\"https:\/\/cbndeutschland.org\/de\/#\/schema\/person\/ffd1c6222cc1c718300fdd3d7d44cc09\",\"name\":\"CBN Redaktion\",\"url\":\"https:\/\/cbndeutschland.org\/de\/author\/anja\/\"}]}<\/script>\n<!-- \/ Yoast SEO plugin. -->","yoast_head_json":{"title":"Interview mit Dan Carlson von CBN ISRAEL - CBN Deutschland","description":"CBN Israel Leiter Dan Carlson berichtet \u00fcber die Situation in Israel, ihren humanit\u00e4ren Einsatz dort und wie er mit der Situation umgeht.","robots":{"index":"index","follow":"follow","max-snippet":"max-snippet:-1","max-image-preview":"max-image-preview:large","max-video-preview":"max-video-preview:-1"},"canonical":"https:\/\/cbndeutschland.org\/de\/dan-carlson\/","og_locale":"de_DE","og_type":"article","og_title":"Interview mit Dan Carlson von CBN ISRAEL - CBN Deutschland","og_description":"CBN Israel Leiter Dan Carlson berichtet \u00fcber die Situation in Israel, ihren humanit\u00e4ren Einsatz dort und wie er mit der Situation umgeht.","og_url":"https:\/\/cbndeutschland.org\/de\/dan-carlson\/","og_site_name":"CBN Deutschland","article_published_time":"2024-02-21T11:33:21+00:00","article_modified_time":"2025-06-02T16:20:00+00:00","og_image":[{"width":1100,"height":300,"url":"https:\/\/cbndeutschland.org\/wp-content\/uploads\/2024\/02\/website_header_beitrag_dan.jpg","type":"image\/jpeg"}],"author":"CBN Redaktion","twitter_card":"summary_large_image","twitter_misc":{"Written by":"CBN Redaktion","Est. reading time":"7 Minuten"},"schema":{"@context":"https:\/\/schema.org","@graph":[{"@type":"Article","@id":"https:\/\/cbndeutschland.org\/de\/dan-carlson\/#article","isPartOf":{"@id":"https:\/\/cbndeutschland.org\/de\/dan-carlson\/"},"author":{"name":"CBN Redaktion","@id":"https:\/\/cbndeutschland.org\/de\/#\/schema\/person\/ffd1c6222cc1c718300fdd3d7d44cc09"},"headline":"Interview mit Dan Carlson von CBN ISRAEL","datePublished":"2024-02-21T11:33:21+00:00","dateModified":"2025-06-02T16:20:00+00:00","mainEntityOfPage":{"@id":"https:\/\/cbndeutschland.org\/de\/dan-carlson\/"},"wordCount":1325,"commentCount":0,"publisher":{"@id":"https:\/\/cbndeutschland.org\/de\/#organization"},"image":{"@id":"https:\/\/cbndeutschland.org\/de\/dan-carlson\/#primaryimage"},"thumbnailUrl":"https:\/\/cbndeutschland.org\/wp-content\/uploads\/2024\/02\/website_header_beitrag_dan.jpg","keywords":["Humanit\u00e4re Hilfe","Israel","Katastrophenhilfe"],"articleSection":["Israel","Unkategorisiert"],"inLanguage":"de-DE","potentialAction":[{"@type":"CommentAction","name":"Comment","target":["https:\/\/cbndeutschland.org\/de\/dan-carlson\/#respond"]}]},{"@type":"WebPage","@id":"https:\/\/cbndeutschland.org\/de\/dan-carlson\/","url":"https:\/\/cbndeutschland.org\/de\/dan-carlson\/","name":"Interview mit Dan Carlson von CBN ISRAEL - CBN Deutschland","isPartOf":{"@id":"https:\/\/cbndeutschland.org\/de\/#website"},"primaryImageOfPage":{"@id":"https:\/\/cbndeutschland.org\/de\/dan-carlson\/#primaryimage"},"image":{"@id":"https:\/\/cbndeutschland.org\/de\/dan-carlson\/#primaryimage"},"thumbnailUrl":"https:\/\/cbndeutschland.org\/wp-content\/uploads\/2024\/02\/website_header_beitrag_dan.jpg","datePublished":"2024-02-21T11:33:21+00:00","dateModified":"2025-06-02T16:20:00+00:00","description":"CBN Israel Leiter Dan Carlson berichtet \u00fcber die Situation in Israel, ihren humanit\u00e4ren Einsatz dort und wie er mit der Situation umgeht.","breadcrumb":{"@id":"https:\/\/cbndeutschland.org\/de\/dan-carlson\/#breadcrumb"},"inLanguage":"de-DE","potentialAction":[{"@type":"ReadAction","target":["https:\/\/cbndeutschland.org\/de\/dan-carlson\/"]}]},{"@type":"ImageObject","inLanguage":"de-DE","@id":"https:\/\/cbndeutschland.org\/de\/dan-carlson\/#primaryimage","url":"https:\/\/cbndeutschland.org\/wp-content\/uploads\/2024\/02\/website_header_beitrag_dan.jpg","contentUrl":"https:\/\/cbndeutschland.org\/wp-content\/uploads\/2024\/02\/website_header_beitrag_dan.jpg","width":1100,"height":300,"caption":"Interview mit CBN Israel"},{"@type":"BreadcrumbList","@id":"https:\/\/cbndeutschland.org\/de\/dan-carlson\/#breadcrumb","itemListElement":[{"@type":"ListItem","position":1,"name":"Startseite","item":"https:\/\/cbndeutschland.org\/de\/"},{"@type":"ListItem","position":2,"name":"Interview mit Dan Carlson von CBN ISRAEL"}]},{"@type":"WebSite","@id":"https:\/\/cbndeutschland.org\/de\/#website","url":"https:\/\/cbndeutschland.org\/de\/","name":"CBN Deutschland","description":"CBN Deutschland","publisher":{"@id":"https:\/\/cbndeutschland.org\/de\/#organization"},"potentialAction":[{"@type":"SearchAction","target":{"@type":"EntryPoint","urlTemplate":"https:\/\/cbndeutschland.org\/de\/?s={search_term_string}"},"query-input":{"@type":"PropertyValueSpecification","valueRequired":true,"valueName":"search_term_string"}}],"inLanguage":"de-DE"},{"@type":"Organization","@id":"https:\/\/cbndeutschland.org\/de\/#organization","name":"CBN Deutschland","url":"https:\/\/cbndeutschland.org\/de\/","logo":{"@type":"ImageObject","inLanguage":"de-DE","@id":"https:\/\/cbndeutschland.org\/de\/#\/schema\/logo\/image\/","url":"https:\/\/cbndeutschland.org\/wp-content\/uploads\/2017\/02\/cbn-logo-web-blue.png","contentUrl":"https:\/\/cbndeutschland.org\/wp-content\/uploads\/2017\/02\/cbn-logo-web-blue.png","width":385,"height":55,"caption":"CBN Deutschland"},"image":{"@id":"https:\/\/cbndeutschland.org\/de\/#\/schema\/logo\/image\/"}},{"@type":"Person","@id":"https:\/\/cbndeutschland.org\/de\/#\/schema\/person\/ffd1c6222cc1c718300fdd3d7d44cc09","name":"CBN Redaktion","url":"https:\/\/cbndeutschland.org\/de\/author\/anja\/"}]}},"_links":{"self":[{"href":"https:\/\/cbndeutschland.org\/de\/wp-json\/wp\/v2\/posts\/12932","targetHints":{"allow":["GET"]}}],"collection":[{"href":"https:\/\/cbndeutschland.org\/de\/wp-json\/wp\/v2\/posts"}],"about":[{"href":"https:\/\/cbndeutschland.org\/de\/wp-json\/wp\/v2\/types\/post"}],"author":[{"embeddable":true,"href":"https:\/\/cbndeutschland.org\/de\/wp-json\/wp\/v2\/users\/975902"}],"replies":[{"embeddable":true,"href":"https:\/\/cbndeutschland.org\/de\/wp-json\/wp\/v2\/comments?post=12932"}],"version-history":[{"count":48,"href":"https:\/\/cbndeutschland.org\/de\/wp-json\/wp\/v2\/posts\/12932\/revisions"}],"predecessor-version":[{"id":18546,"href":"https:\/\/cbndeutschland.org\/de\/wp-json\/wp\/v2\/posts\/12932\/revisions\/18546"}],"wp:featuredmedia":[{"embeddable":true,"href":"https:\/\/cbndeutschland.org\/de\/wp-json\/wp\/v2\/media\/12902"}],"wp:attachment":[{"href":"https:\/\/cbndeutschland.org\/de\/wp-json\/wp\/v2\/media?parent=12932"}],"wp:term":[{"taxonomy":"category","embeddable":true,"href":"https:\/\/cbndeutschland.org\/de\/wp-json\/wp\/v2\/categories?post=12932"},{"taxonomy":"post_tag","embeddable":true,"href":"https:\/\/cbndeutschland.org\/de\/wp-json\/wp\/v2\/tags?post=12932"}],"curies":[{"name":"wp","href":"https:\/\/api.w.org\/{rel}","templated":true}]}}